{"id":70,"date":"2022-09-05T14:02:00","date_gmt":"2022-09-05T14:02:00","guid":{"rendered":"https:\/\/mnbucher.com\/blog\/2022-camino-de-santiago\/?p=70"},"modified":"2024-07-07T05:33:11","modified_gmt":"2024-07-07T05:33:11","slug":"tag-7-estella","status":"publish","type":"post","link":"https:\/\/mnbucher.com\/blog\/2022-camino-de-santiago\/2022\/09\/05\/tag-7-estella\/","title":{"rendered":"Tag 7: Estella"},"content":{"rendered":"\n<figure class=\"wp-block-image size-large\"><img loading=\"lazy\" decoding=\"async\" width=\"768\" height=\"1024\" src=\"https:\/\/mnbucher.com\/blog\/2022-camino-de-santiago\/wp-content\/uploads\/2022\/09\/img_4713-768x1024.jpg\" alt=\"\" class=\"wp-image-69\" srcset=\"https:\/\/mnbucher.com\/blog\/2022-camino-de-santiago\/wp-content\/uploads\/2022\/09\/img_4713-768x1024.jpg 768w, https:\/\/mnbucher.com\/blog\/2022-camino-de-santiago\/wp-content\/uploads\/2022\/09\/img_4713-225x300.jpg 225w, https:\/\/mnbucher.com\/blog\/2022-camino-de-santiago\/wp-content\/uploads\/2022\/09\/img_4713-1152x1536.jpg 1152w, https:\/\/mnbucher.com\/blog\/2022-camino-de-santiago\/wp-content\/uploads\/2022\/09\/img_4713-1536x2048.jpg 1536w, https:\/\/mnbucher.com\/blog\/2022-camino-de-santiago\/wp-content\/uploads\/2022\/09\/img_4713-scaled.jpg 1920w\" sizes=\"auto, (max-width: 768px) 100vw, 768px\" \/><\/figure>\n\n\n\n<p>war heute noch h\u00e4rter als gestern? wom\u00f6glich. auf jeden fall brannte die sonne die letzten beiden stunden beim wandern \u00e4tzend auf kopf und haut auf den kiesweg, die arme tropften. m\u00f6ge einer sagen es w\u00fcrde der herbst kommen hier. keine spur von herbst.<\/p>\n\n\n\n<p>zum ersten mal schlafte ich durch bis der wecker mich aus dem schlaf reisst. passierte nicht mal die erste nacht in den pyren\u00e4en, da war ich wohl noch etwas zu aufgeregt auf den pilgerstrom und wie gross er sein w\u00fcrde. aber zelt ist schon deutlich angenehmer als die grossen schlafs\u00e4\u00e4le. zum ersten mal kein rascheln morgens. das rascheln hat halt den vorteil dass ich fr\u00fcher loslaufe. k\u00f6nnte das mit dem mikrofon mal aufnehmen und als klingelton reintun. teilweise reden die leute in voller lautst\u00e4rke um 5 uhr. ich meine was soll die scheisse? w\u00fcrde mir etwas mehr respekt w\u00fcnschen f\u00fcr die schlafenden. donovan regt sich auch g\u00f6ttlich dar\u00fcber auf. ich liebe seine art des aufregens in amerikanischem akzent: \u201ei mean what the fuck?\u201c, hebt dazu die linke augenbraue und h\u00e4lt seine hand so, als w\u00fcrde er in der kirche eine hostie erhalten.<\/p>\n\n\n\n<p>zelt zusammengepackt auf dem garten. nur zwei minuten danach in die erste b\u00e4ckerei eingekehrt. gestern kam erst nach etwa 3 stunden die erste bude. klar, es war sonntag. vielleicht deshalb. aber wollte heute vorbeugen. kaufte gipfeli ein und eine tasse milch und ass mein m\u00fcesli auf den dunklen gassen der altstadt von puente la reina. neben mir ein paar \u00e4ltere damen im karoshirt bereit f\u00fcr den marsch.<\/p>\n\n\n\n<p>an den rest des weges kann ich mich nicht mehr gross erinnern. lief haupts\u00e4chlich alleine. vorbei neben einer autobahn. ein mittelalterliches dorf erhob sich von weitem schon in der landschaft. die hatten dann aber nur pappbecherkaffee aus dem automaten also liess ich es sein, kaufte mir brot und k\u00e4se f\u00fcr auf den weg. ich wusste der weg nach estella, mein geplantes tagesziel, w\u00fcrde sich ziehen. die sonne begann langsam zu brennen und es war erst kurz nach 10 uhr. vor mir eine gruppe latinos ohne rucksack. diese kleine schlingelbande. \u201eturigrinos\u201c nennt man sie im spanischen. es ist schon hart das zu sehen w\u00e4hrend einem der r\u00fccken so sehr schmerzt. ich machte halt vor einer wunderbar alternativen oase mitten in einem olivenfeld. es gab ein paar tische und man sah in die weite landschaft. machte rast. mich \u00fcberholten um die 30-40 pilger*innen. laufe weiter. merke auch gerade dass ich pr\u00e4sens und vergangenszeitformen kreuz und quer mische hier in diesem blog. kein schulbuchdeutsch, aber bin zu kaputt um hier korrekturen zu machen. muss morgen fix einen tag auszeit nehmen. muss meine knie und beine entlasten. die sehnen. regenerieren. estella w\u00e4re genug gross dass ich auf die post gehen k\u00f6nnte. was heimschicken k\u00f6nnte was zu viel gewicht w\u00e4re. einen brief an lynn schreiben. denke oft an lynn und vermisse ihr lachen schon sehr fest. bin noch keine woche unterwegs und es f\u00fchlt sich an wie jahre. der alltag in z\u00fcrich scheint gerade sehr weit weg. los cinco hermanos en el camino, geeint seit eh und je. einen tag pause w\u00fcrde aber heissen, dass sie an mir vorbeiziehen. paco. donovan. francesco. und doug. doug ist k\u00fcnstler in phoenix, arizona. macht metallskulpturen irgendwas. seine frau ist im rollstuhl. er telefoniert jeden abend mit ihr, sehr s\u00fcss. francesco ist masseur. donovan zeigte uns fotos seiner kinder und seiner frau beim abendessen in puente la reina. ich k\u00f6nnte eigentlich sein sohn sein, ist etwa gleich alt. und bei paco? tippe immer noch auf spanischen mafiaboss. der typ ist eine wahre legende. unser pilgervater. w\u00fcrde ich sie einholen k\u00f6nnen n\u00e4chste woche? ich mag die kerle sehr. w\u00e4re sicherlich aber auch sch\u00f6n, neue bekanntschaften zu machen so wie josian. eine etwas gemischtere gruppe. dann erholt sich auch meine leber hoffentlich wieder. die kommt wegen paco sonst bald noch an den anschlag. und fr\u00fcher schlafen. 5 uhr aufstehen und 6 uhr los macht mehr sinn. ich spare mir die \u00e4tzende letzte stunde in der mittagshitze. aber 5 ist dann schon arg fr\u00fch. eine andere option w\u00e4re es, mir eine prepaid sim karte zu kaufen und wegen reservationen zu schauen f\u00fcr die herbergen und siesta machen unterwegs.<\/p>\n\n\n\n<p>irgendwann kommt dann die hitze tats\u00e4chlich. ich falle in den schatten direkt vor einen baum, bleibe liegen. kann nicht mehr. neue blasen bilden sich am linken fuss. muss sagen, ich h\u00e4tte nicht gedacht, dass mich der camino sportlich so fordern w\u00fcrde. liegt es am schweren rucksack? w\u00fcrde die tage besserung kommen wenn sehnen und knie sich etwas erholen?<\/p>\n\n\n\n<p>erreiche die herberge irgendwann. v\u00f6llig zerst\u00f6rt. lege mich auf mein bett und h\u00f6re zum ersten mal musik seit meiner reise. am meisten werde ich donovan vermissen. ich mag den typen. HAHAHA. sein lautes lachen h\u00f6rt man von der gr\u00f6ssten entfernung. er kommt urspr\u00fcnglich aus new york. und schw\u00f6rt auf new-york-style pizza. sei besser als napolitanische. francesco wurde zornig, hob die h\u00e4nde, als wir gestern dar\u00fcber sprachen. ich w\u00fcrde auf einen neuen batch von leuten treffen morgen, mit ihnen weiterziehen. mit ein paar neuen kam ich heute kurz ins gespr\u00e4ch in der herberge, sehr fl\u00fcchtig alles. ich muss morgen meinen hungerakku wieder aufladen. ordentlich reinfooden und mir eine strategie \u00fcberlegen, wie ich fortfahren m\u00f6chte bzw laufen und essen. wie\/wann essen und wann und wo pause. am liebsten war mir der tag nach pamplona. ich war fr\u00fch auf den beinen. war um 10.30 in einer b\u00e4ckerei am fr\u00fchst\u00fccken. 11.30 vor der herberge. schlafplatz war auf sicher, hunger einigermassen gestillt. auf 14 uhr mittagessen in der stadt oder wo immer ich auch sein w\u00fcrde. aber nach der ankunft. eine gr\u00f6ssere pause mit essen sollte aber mindestens drin liegen am vormittag. die gab es heute nicht. vielleicht war ich deshalb so energielos. auch kein k\u00e4ffchen. meine koffeinabh\u00e4ngkeit zeigte sich aber bisher sehr diskret, kein kopfweh oder nebel vor den augen. der sport hilft.<\/p>\n\n\n\n<p>setze mich auf die grosse plaza von estella. beim hinlaufen laufe ich an der ber\u00fchmten kathedrale von estella vorbei. ein meisterwerk. der blickwinkel ist perfekt, schaue von unten auf eine treppe, die in einem kleinen bogen hoch hinauf zum pr\u00e4chtig gotischen eingang f\u00fchrt. auf der plaza etwas lesen, wollte mich dann aufmachen zum abendessen. heute mal alleine. kein alkohol. francesco hat mir geschrieben wo sie zum abendessen seien. geselle mich in die runde. der ber\u00fchmte youtuber ist mit dabei und eine h\u00fcbsche spanierin um die f\u00fcnzig. ein paar leute wollen fotos schiessen da sie den youtuber erkennen. selbst die spanierin am tisch kennt ihn. paco hat den charmeur ausgepackt und sitzt neben ihr beim essen. donovan zeigt uns videos seiner kinder, die ziemlich gut jazz spielen. hat ein sch\u00f6nes haus in indiana und einen riesen garten voller gr\u00fcner bohnen. er liebt gr\u00fcne bohnen. f\u00fcr einmal gibts anst\u00e4ndig vegetarisch hier in einer bude, francesco und ich sind supergl\u00fccklich! ich erz\u00e4hle den m\u00e4nnern von meinen pl\u00e4nen, dem tag auszeit. sie verweisen mich auf paracetamol zum schlafen und irgend einem spray. sollte morgen weiterlaufen. aber nach dem heutigen schmerzen echt keine chance. w\u00e4re pures leiden. verabschiede mich und laufe zur\u00fcck zum hostel. wieso sind die typen so fit?<\/p>\n\n\n\n<p>im hostel dann die wende. quatsche mit dem typen an der rezeption, ein pensionierter engl\u00e4nder der hier aushilfe leistet. er meint zu mir \u201elisten. what you have seen on the camino, it gets worse. i know people in saint jean and they told me they opened up a gym to place the pilgrims for the night. this is not nice. the september wave has started and you\u2018re inside the peak. if you\u2018re a surfer, you\u2018d like this, but who knows if this is the peak already or not\u201c. ich denke dar\u00fcber nach, lese mir den forumsthread durch den er mir empfohlen hat. the september wave. man nennt sie auch \u201egrey wave\u201c in navarra, da so viele pensionierte menschen mit grauen haaren starten w\u00fcrden in saint jean oder pamplona. verr\u00fcckt. was ich nicht verstehe: in saint jean w\u00fcsste man ja, ob der peak durch w\u00e4re oder nicht. nur hier weiss man nichts. aber wir k\u00f6nnten ja in die zukunft schauen? haben gestern in saint jean noch mehr leute gestartet dann wird es logischerweise noch schlimmer mit den herbergen. zwei wochen soll die wave andauern. weiss noch nicht so recht. er empfahl mir den bus nach los arcos oder torres zu nehmen, das n\u00e4chste etappenziel. und dort zu pausieren. der gedanke schmerzt, w\u00fcrde ich doch ein paar kilometer \u00fcberspringen. aber der gute mann hat mehr erfahrung, h\u00e4tte vielleicht recht. keine ahnung. hole meine getrocknete w\u00e4sche zusammen und gehe z\u00e4hneputzen. denke zur\u00fcck an die deutsche frau, ende f\u00fcnzig, der ich seit ein paar tagen jeweils in den herbergen begegne. sie sitzt dann immer neben der w\u00e4sche und schaut in die ferne. und wartet darauf bis die w\u00e4sche trocknet da sie alle f\u00fcnf minuten die w\u00e4sche anfasst und inspiziert. hab mal versucht zu quatschen mit ihr dann ist sie einfach reingegangen. die message war klar. kein bock. alles klar! werde nicht mehr mit ihr reden. sie ist immer alleine unterwegs. wirkt recht angespannt.<\/p>\n","protected":false},"excerpt":{"rendered":"<p>war heute noch h\u00e4rter als gestern? wom\u00f6glich. auf jeden fall brannte die sonne die letzten beiden stunden beim wandern \u00e4tzend auf kopf und haut auf den kiesweg, die arme tropften. m\u00f6ge einer sagen es w\u00fcrde der herbst kommen hier. keine spur von herbst. zum ersten mal schlafte ich durch bis der wecker mich aus dem [&hellip;]<\/p>\n","protected":false},"author":1,"featured_media":0,"comment_status":"open","ping_status":"open","sticky":false,"template":"","format":"standard","meta":{"_jetpack_memberships_contains_paid_content":false,"footnotes":""},"categories":[1],"tags":[],"class_list":["post-70","post","type-post","status-publish","format-standard","hentry","category-uncategorized"],"jetpack_featured_media_url":"","jetpack_sharing_enabled":true,"_links":{"self":[{"href":"https:\/\/mnbucher.com\/blog\/2022-camino-de-santiago\/wp-json\/wp\/v2\/posts\/70","targetHints":{"allow":["GET"]}}],"collection":[{"href":"https:\/\/mnbucher.com\/blog\/2022-camino-de-santiago\/wp-json\/wp\/v2\/posts"}],"about":[{"href":"https:\/\/mnbucher.com\/blog\/2022-camino-de-santiago\/wp-json\/wp\/v2\/types\/post"}],"author":[{"embeddable":true,"href":"https:\/\/mnbucher.com\/blog\/2022-camino-de-santiago\/wp-json\/wp\/v2\/users\/1"}],"replies":[{"embeddable":true,"href":"https:\/\/mnbucher.com\/blog\/2022-camino-de-santiago\/wp-json\/wp\/v2\/comments?post=70"}],"version-history":[{"count":3,"href":"https:\/\/mnbucher.com\/blog\/2022-camino-de-santiago\/wp-json\/wp\/v2\/posts\/70\/revisions"}],"predecessor-version":[{"id":251,"href":"https:\/\/mnbucher.com\/blog\/2022-camino-de-santiago\/wp-json\/wp\/v2\/posts\/70\/revisions\/251"}],"wp:attachment":[{"href":"https:\/\/mnbucher.com\/blog\/2022-camino-de-santiago\/wp-json\/wp\/v2\/media?parent=70"}],"wp:term":[{"taxonomy":"category","embeddable":true,"href":"https:\/\/mnbucher.com\/blog\/2022-camino-de-santiago\/wp-json\/wp\/v2\/categories?post=70"},{"taxonomy":"post_tag","embeddable":true,"href":"https:\/\/mnbucher.com\/blog\/2022-camino-de-santiago\/wp-json\/wp\/v2\/tags?post=70"}],"curies":[{"name":"wp","href":"https:\/\/api.w.org\/{rel}","templated":true}]}}