{"id":219,"date":"2022-10-03T20:07:00","date_gmt":"2022-10-03T20:07:00","guid":{"rendered":"https:\/\/mnbucher.com\/blog\/2022-camino-de-santiago\/?p=219"},"modified":"2022-10-08T20:08:03","modified_gmt":"2022-10-08T20:08:03","slug":"tag-36-santiago","status":"publish","type":"post","link":"https:\/\/mnbucher.com\/blog\/2022-camino-de-santiago\/2022\/10\/03\/tag-36-santiago\/","title":{"rendered":"Tag 35: Santiago"},"content":{"rendered":"\n<p>als ich aufstehe sind martin und anja wiedermal schon \u00fcber alle berge. franz liegt noch im bett. m\u00f6chte gerne alleine los, also lasse ich franz zur\u00fcck. er w\u00fcrde mich bestimmt einholen.<\/p>\n\n\n\n<p>im dunkeln treffe ich schon bald auf ein franz\u00f6sisches p\u00e4rchen aus strassbourg. 72 jahre alt! sie meinten der franz\u00f6sische weg sei sch\u00f6ner als der spanische. na klar, sagt ja auch die franzosin. von genf bis saint jean w\u00e4r auch mal ein erlebnis. m\u00fcsste aber mein franz\u00f6sisch noch ordentlich schleifen bis dann. wir laufen hoch und runter und wieder hoch und erreichen monte gouza. ich erinnere mich an den ausblicksort der vor f\u00fcnf jahren hier irgendwo war aber kann ihn nirgends wiedererkennen! auch von der bar war bisher keine spur. ich bleibe auf dem monte gouza stehen und schaue hinunter in das im fr\u00fchen herbstnebel getauchte santiago. hier liegt nun also santiago de compostela. nach \u00fcber 760 kilometern zu fuss unterwegs.<\/p>\n\n\n\n<figure class=\"wp-block-image size-large\"><img loading=\"lazy\" decoding=\"async\" width=\"1024\" height=\"768\" src=\"https:\/\/mnbucher.com\/blog\/2022-camino-de-santiago\/wp-content\/uploads\/2022\/10\/img_5223-1024x768.jpg\" alt=\"\" class=\"wp-image-214\" srcset=\"https:\/\/mnbucher.com\/blog\/2022-camino-de-santiago\/wp-content\/uploads\/2022\/10\/img_5223-1024x768.jpg 1024w, https:\/\/mnbucher.com\/blog\/2022-camino-de-santiago\/wp-content\/uploads\/2022\/10\/img_5223-300x225.jpg 300w, https:\/\/mnbucher.com\/blog\/2022-camino-de-santiago\/wp-content\/uploads\/2022\/10\/img_5223-768x576.jpg 768w, https:\/\/mnbucher.com\/blog\/2022-camino-de-santiago\/wp-content\/uploads\/2022\/10\/img_5223-1536x1152.jpg 1536w, https:\/\/mnbucher.com\/blog\/2022-camino-de-santiago\/wp-content\/uploads\/2022\/10\/img_5223-2048x1536.jpg 2048w\" sizes=\"auto, (max-width: 1024px) 100vw, 1024px\" \/><figcaption class=\"wp-element-caption\">monte gouza. hier unten w\u00fcrde also santiago liegen. uns schauderts! nach so vielen tagen unterwegs jetzt hier anzukommen.<\/figcaption><\/figure>\n\n\n\n<p>fehlt noch eine stunde. franz holt mich beim kurzen rast hier oben ein und wir laufen runter und kommen in die vorstadt. das franz\u00f6sische p\u00e4rchen von vorhin ist mit dabei. wir haben ja zeit. wieso die eile?? wir z\u00f6gern unsere ankunft noch hinaus indem wir in einer bar halt machen und uns das erste k\u00e4ffchen g\u00f6nnen. es ist montagmorgen. allerlei volk aus der stadt ist hier am sitzen und es ist f\u00fcr einmal sehr angenehm, nicht in einer neonfarbenen pilger*innen-gruppe zu sitzen! bl\u00e4ttere etwas in der spanischen zeitung w\u00e4hrend ich auf unsere bestellung warte. wir setzen uns draussen auf die strasse und franz wird wieder ganz zornig als er \u00fcber die deutsche kultur und anjas verhaltensweise redet. er kann sie nicht mehr ausstehen meint er. so sehr nerve ihn die deutsche art. zu deutsch sei sie meint er. franz erz\u00e4hlt mir \u00fcber seine auswanderungspl\u00e4ne. seine reisepl\u00e4ne. sie w\u00e4ren nicht un\u00e4hnlich mit meinen. auch ich muss und will da irgendwie raus. hab von der schweizer kultur derzeit die nase voll. zu engstirnig, verkrampft, arbeitswillig, unentspannt. der camino hat mir gezeigt: spanien mag ich eben doch sehr fest!! franz wird br\u00fcderlich. selten habe er so tiefsinnige und interessante gespr\u00e4che wie mit mir gef\u00fchrt. mit seinen freunden aus regensburg w\u00fcrde er weniger solch sch\u00f6ne gespr\u00e4che f\u00fchren. ich f\u00fchle mich ger\u00fchrt. als er mich dann aber allen ernstes fragt, ob ich mit ihm n\u00e4chstes jahr auf eine grosse s\u00fcdamerikareise gehen w\u00fcrde, muss ich die antwort dann aber doch erst mal vertagen. stelle mir kurz vor wie es w\u00e4re mit franz durch die argentinische pampa zu reiten auf unseren pferden. mit franz zu reisen hiesse vor allem, viel bier zu trinken! es ist noch nicht 10 uhr morgens und franz bestellt das erste bier hier in der bar. ziel erreicht! also fast. es bleiben noch 30 min durch die vorstadt und innenstadt.<\/p>\n\n\n\n<p>wir laufen zusammen weiter. sehen ab und an ein paar pilgernde aber vor allem menschen aus santiago die zur arbeit gehen! oder an die uni. an einer kreuzung kommt uns ein herrlicher schokoladenduft entgegen. die napolitana ruft uns zu sich!! wir finden die b\u00e4ckerei! und sie haben wunderbar frische napolitanas in der vitrine. die dinger sind hier ja das pendant zu den pain au chocolats. einfach weniger gut. franz hat sich w\u00e4hrend dem camino durchprobiert und versichert mir in der schlange: die sehen gut aus. und wir holen uns gleich sechs davon. f\u00fcr martin und anja. und die russinnen vielleicht.<\/p>\n\n\n\n<p>wir laufen durch die altstadt und die eine gasse kommt mir sichtlich bekannt vor von meinem letzten besuch 2017. wir n\u00e4hern uns der kathedrale! und stehen pl\u00f6tzlich auf der plaza. voll mit menschen. allen voran tagestouristen, aber einzelne pilgernde erkennt man in der ferne. mit dem megafon werden ein paar gruppen durchgef\u00fchrt. ich habe gestern schon gescherzt wir sollten einfach fr\u00fcher hier sein als diese megafon-gruppen. und das weisse touristen-z\u00fcglein. zu sp\u00e4t. das z\u00fcglein tuckert in dem moment neben uns durch. in der ferne ganz hinten an der plaza erkenne ich die italokids. thomas und dati und anhang. ein herzhaftes wiedersehen mit der truppe. emilio und slash sind auch hier. wir setzen uns im halbschatten und ich bleibe bestimmt eine halbe stunde mit der truppe hier sitzen. sie erz\u00e4hlen mir, dass sie um ein uhr morgens hier angekommen sind und vor dem pilgerb\u00fcro \u00fcbernachtet hatten. die ersten bekommen anscheinend ein gratis abendessen spendiert. deshalb haben die in der schlange \u00fcbernachtet! hat sich aber rausgestellt dass das abendessen nur an einzelpersonen und nicht an gruppen vergeben wird. also war die m\u00fche umsonst. von weitem sehe ich martin und anja und franz und sie winken mich zu sich r\u00fcber! ach. wir umarmen uns aber ganz deutsch und emotionslos ohne tr\u00e4nen! francesco und paco haben hier sicher tr\u00e4nen vergossen. so emotional wie die jungs drauf sind. wir laufen eine treppe runter und setzen uns zum weisswein. adelina und svetlana sitzen auch schon hier! doch die pause weilt nur kurz. anja geht zum pilgergottesdienst r\u00fcber welcher in zehn minuten beginnt. franz und ich schauen uns an, kommen dann aber mit. die russinnen waren gestern schon angekommen und gehen weiter in die stadt rein. martin kann mit gottesdiensten nichts anfangen und bleibt in der zwischenzeit hier und schaut auf unsere rucks\u00e4cke auf. die kathedrale darf man n\u00e4mlich nur ohne rucks\u00e4cke betreten. diese regeln! und zwar als pilger auch nur vom seiteneingang, das hat historische gr\u00fcnde. anja und franz habe ich beim zur\u00fccklaufen \u00fcber die plaza unterdessen aus den augen verloren und ich suche verwirrt den eingang. da laufe ich doch glatt in pi rein, die junge spanierin! sie geht runter zur plaza und will alle neuank\u00f6mmlinge beobachten, die auf die plaza treten. finde dann endlich den eingang. volle bude. kein sitzplatz mehr frei. war ja klar. alle schon eine stunde vorher hier. kotze gleich. messe f\u00e4ngt aber erst in einer viertelstunde an. in den abgedunkelten hallen treffe ich auf giulia und antonio und die brasilianerin! als die messe anf\u00e4ngt setze ich mich dann auf der seite an den boden. sehe franz und anja auf der anderen seite der b\u00e4nke stehen. der priester murmelt dann irgendwas unverst\u00e4ndliches auf spanisch ins mikrofon. keine chance was zu verstehen. vor mir sehe ich victor und die franzosen und den belgier. alle hier in der messe. das anlehnen an die wand hat seine gem\u00fctlichkeit und das murmeln des priesters was angenehm zyklisches und ich schlafe dann relativ schnell einfach ein! und pl\u00f6tzlich ist die messe fertig. im halbschlaf finde ich den ausgang im menschenstrom. nix mitbekommen. aber war sch\u00f6n.<\/p>\n\n\n\n<figure class=\"wp-block-image size-large\"><img loading=\"lazy\" decoding=\"async\" width=\"768\" height=\"1024\" src=\"https:\/\/mnbucher.com\/blog\/2022-camino-de-santiago\/wp-content\/uploads\/2022\/10\/img_5234-768x1024.jpg\" alt=\"\" class=\"wp-image-215\" srcset=\"https:\/\/mnbucher.com\/blog\/2022-camino-de-santiago\/wp-content\/uploads\/2022\/10\/img_5234-768x1024.jpg 768w, https:\/\/mnbucher.com\/blog\/2022-camino-de-santiago\/wp-content\/uploads\/2022\/10\/img_5234-225x300.jpg 225w, https:\/\/mnbucher.com\/blog\/2022-camino-de-santiago\/wp-content\/uploads\/2022\/10\/img_5234-1152x1536.jpg 1152w, https:\/\/mnbucher.com\/blog\/2022-camino-de-santiago\/wp-content\/uploads\/2022\/10\/img_5234-1536x2048.jpg 1536w, https:\/\/mnbucher.com\/blog\/2022-camino-de-santiago\/wp-content\/uploads\/2022\/10\/img_5234-scaled.jpg 1920w\" sizes=\"auto, (max-width: 768px) 100vw, 768px\" \/><figcaption class=\"wp-element-caption\">weisswein unterhalb der plaza mit martin und anja (und franz)<\/figcaption><\/figure>\n\n\n\n<p>zur\u00fcck bei martin und dem weisswein beschliessen wir gemeinsam zu mittag essen. franz hat uns ein apartamiento organisiert und es ist nicht weit von der altstadt entfernt. aber zuerst mampfen! wir schlendern also durch die altstadt um das lokal ausfinding zu machen, welches hector, ein mexikaner von martin, empofohlen hatte. auf dem weg l\u00e4uft mir kerem entgegen, die israelin, das franz\u00f6sische p\u00e4rchen von heute fr\u00fch und \u2014 alain! der franzose mit dem weihnachtsbart aus sahag\u00fan. sein senfgelbes shirt ist jeweils schon aus hunderten metern auszumachen! so viele bekannte schon getroffen heute im grossen santiago. es ist unglaublich.<\/p>\n\n\n\n<p>das lokal von hector hat sich dann anscheinend bei nicht wenigen pilgernden rumgesprochen und wir stehen vor einer guten menschenmasse schlange. hector, der kleine mexikaner, an vorderster front. wir gehen zur n\u00e4chsten flasche weisswein r\u00fcber. ribera! es wird der tag des ribeiras, doch das w\u00fcssten wir zum jetzigen zeitpunkt noch nicht. zur\u00fcck beim lokal setzen wir uns und die bedienung und alle leute um uns herum essen so schnell und in einer solchen hektik, dass wir regelrecht angesteckt werden. mit franz und martin reden wieder \u00fcber die amis, denn am tisch neben uns sitzt wieder genannte spezies! und viele mexikaner*innen. hector sei dank. das essen schmeckt in der tat ausgezeichnet.<\/p>\n\n\n\n<p>mit vollem magen beschliessen wir, endlich unsere rucks\u00e4cke in die gebuchte wohnung zu knallen. gerade verlassen wir das restaurant, stehen victor und ryan und die viererjungsbande auf der strasse. heute abend in der momo bar. vielleicht kommen wir vorbei.<\/p>\n\n\n\n<p>die wohnung liegt am unteren rand der altstadt, irgendwo hier in der n\u00e4he waren auch candid und ich in der wohnung der alten dame. weiss aber nicht mehr wo genau. die wohnung ist perfekt und bietet alles was wir gerade brauchen! k\u00f6nnen sogar die w\u00e4sche auf dem balkon trocknen. grandios. martin k\u00fcndigt sein lang ersehntes selber gekochtes italienisches abendessen an! wir d\u00fcrfen w\u00fcnschen. ich bitte um eine einfache pasta pomodoro. martin ist begeistert.<\/p>\n\n\n\n<figure class=\"wp-block-image size-large\"><img loading=\"lazy\" decoding=\"async\" width=\"768\" height=\"1024\" src=\"https:\/\/mnbucher.com\/blog\/2022-camino-de-santiago\/wp-content\/uploads\/2022\/10\/img_5239-768x1024.jpg\" alt=\"\" class=\"wp-image-216\" srcset=\"https:\/\/mnbucher.com\/blog\/2022-camino-de-santiago\/wp-content\/uploads\/2022\/10\/img_5239-768x1024.jpg 768w, https:\/\/mnbucher.com\/blog\/2022-camino-de-santiago\/wp-content\/uploads\/2022\/10\/img_5239-225x300.jpg 225w, https:\/\/mnbucher.com\/blog\/2022-camino-de-santiago\/wp-content\/uploads\/2022\/10\/img_5239-1152x1536.jpg 1152w, https:\/\/mnbucher.com\/blog\/2022-camino-de-santiago\/wp-content\/uploads\/2022\/10\/img_5239-1536x2048.jpg 1536w, https:\/\/mnbucher.com\/blog\/2022-camino-de-santiago\/wp-content\/uploads\/2022\/10\/img_5239-scaled.jpg 1920w\" sizes=\"auto, (max-width: 768px) 100vw, 768px\" \/><figcaption class=\"wp-element-caption\">von meinem bett aus sehe ich die kathedrale! premiumloft.<\/figcaption><\/figure>\n\n\n\n<p>powernap. anja holt uns gestresst in deutscher art aus den betten um die credencial holen zu gehen. die credencial ist sowas wie die urkunde nach erfolgreich absolviertem jakobsweg. ein zettel in lateinischer sprache. wir gehen hoch in die altstadt doch das ding hat schon zu. laufen also wieder zur\u00fcck und die beiden russinnen stehen schon vor der t\u00fcre. wir setzen an zum abendessen. und essen endlich mal eine gute portion pasta! die erste auf dem camino. ich kanns nicht fassen. und zum dessert tischt adelina den vodka auf! gleich eine fette flasche. der wird heute geleert meint sie nur lachend. adelina ist 42 jahre alt. hab sie auf 30 gesch\u00e4tzt. das russische geheimnis sei es aber, nach dem trinken von wodka fettige h\u00e4ppchen zu verspeisen. und zwar nach jedem gl\u00e4schen vodka. das macht man so in russland um mehr trinken zu k\u00f6nnen. wir machen es ihr also nach. franz und ich bleiben dann aber bevorzugt bei unserem ribeira. nach der dritten flasche kommt franz zu mir und lobt mich f\u00fcr die weinauswahl. eine ausgezeichnete wahl. der beste wein den er je hatte. dabei hab ich den nicht mal gekauft. sondern franz. eine legende der typ.<\/p>\n\n\n\n<figure class=\"wp-block-image size-large\"><img loading=\"lazy\" decoding=\"async\" width=\"768\" height=\"1024\" src=\"https:\/\/mnbucher.com\/blog\/2022-camino-de-santiago\/wp-content\/uploads\/2022\/10\/img_5248-768x1024.jpg\" alt=\"\" class=\"wp-image-217\" srcset=\"https:\/\/mnbucher.com\/blog\/2022-camino-de-santiago\/wp-content\/uploads\/2022\/10\/img_5248-768x1024.jpg 768w, https:\/\/mnbucher.com\/blog\/2022-camino-de-santiago\/wp-content\/uploads\/2022\/10\/img_5248-225x300.jpg 225w, https:\/\/mnbucher.com\/blog\/2022-camino-de-santiago\/wp-content\/uploads\/2022\/10\/img_5248-1152x1536.jpg 1152w, https:\/\/mnbucher.com\/blog\/2022-camino-de-santiago\/wp-content\/uploads\/2022\/10\/img_5248-1536x2048.jpg 1536w, https:\/\/mnbucher.com\/blog\/2022-camino-de-santiago\/wp-content\/uploads\/2022\/10\/img_5248-scaled.jpg 1920w\" sizes=\"auto, (max-width: 768px) 100vw, 768px\" \/><figcaption class=\"wp-element-caption\">franz im blumenhemd und RIBEIRA WEISSWEIN!!<\/figcaption><\/figure>\n\n\n\n<p>die altstadt ist dann aber doch zu sch\u00f6n um sie sausen zu lassen! ich reisse das weiterziehen an. die brave anja geht dann aber schon schlafen und die russinnen in ihre herberge zur\u00fcck. martin, franz und ich ziehen also im trio \u00fcber die leere plaza und zur\u00fcck zum altstadtviertel. es ist jedoch montagabend und nicht allzuviel los! also gehen wir die momo bar an. die franzosen w\u00e4ren dort. auf dem weg dahin treffen wir den \u00e4lteren verwirrten deutschen an, der den ganzen camino mit leichtem rucksack gelaufen war, dabei jedoch am rechten arm einen kleinen wagen (zum einkaufen oder sonstige transporte normalerweise) hinter sich herzog. der typ sah ich ein paar mal mitten in der meseta seinen wagen hinterherziehen. immer und immer wieder. er war zwar halb so schnell im laufen, daf\u00fcr aber nie am pause machen und so schaffte er es zum gleichen zeitpunkt nach santiago wie wir. es ist unglaublich. und er heisst franz!! martin und franz und martin und franz stehen also vor ein paar snackautomaten in santiago de compostela und der eine franz dr\u00fcckt sich einen fertighamburger aus dem automaten rein. es ist das erste mal dass wir den typen essen sehen. und pause machen. vielleicht w\u00e4re es seine erste mahlzeit und seine erste pause seit saint jean. wer weiss. eine koreanerin kommt herbei und war mit victor und der bande einen tag unterwegs und trifft sie in der momo bar.<\/p>\n\n\n\n<figure class=\"wp-block-image size-large\"><img loading=\"lazy\" decoding=\"async\" width=\"1024\" height=\"768\" src=\"https:\/\/mnbucher.com\/blog\/2022-camino-de-santiago\/wp-content\/uploads\/2022\/10\/img_5250-1024x768.jpg\" alt=\"\" class=\"wp-image-218\" srcset=\"https:\/\/mnbucher.com\/blog\/2022-camino-de-santiago\/wp-content\/uploads\/2022\/10\/img_5250-1024x768.jpg 1024w, https:\/\/mnbucher.com\/blog\/2022-camino-de-santiago\/wp-content\/uploads\/2022\/10\/img_5250-300x225.jpg 300w, https:\/\/mnbucher.com\/blog\/2022-camino-de-santiago\/wp-content\/uploads\/2022\/10\/img_5250-768x576.jpg 768w, https:\/\/mnbucher.com\/blog\/2022-camino-de-santiago\/wp-content\/uploads\/2022\/10\/img_5250-1536x1152.jpg 1536w, https:\/\/mnbucher.com\/blog\/2022-camino-de-santiago\/wp-content\/uploads\/2022\/10\/img_5250-2048x1536.jpg 2048w\" sizes=\"auto, (max-width: 1024px) 100vw, 1024px\" \/><figcaption class=\"wp-element-caption\">vor den snackautomaten. links die zwei fr\u00e4nzleins. rechts der einte martin!<\/figcaption><\/figure>\n\n\n\n<p>wir lassen die beiden vor den snackautomaten stehen und laufen zur bar. ganz nach paco hole ich uns drei pacharan. was denn sonst. wir starten in navarra mit pacharan und beenden santiago auch mit pacharan. die momo bar hat etwas skurriles. wir verbringen einige lustige stunden und wollen nicht aufh\u00f6ren hier zu bleiben und zu trinken!<\/p>\n\n\n\n<p>martin und ich laufen dann sp\u00e4ter zusammen zur\u00fcck zur wohnung und lassen franz in der bar weitertanzen mit den d\u00e4ninen. gut angetrunken haben wir ein leichtes, aber inniges gespr\u00e4ch. ich sp\u00fcre eine solch tiefe freundschaft mit diesem guten mann, dass ich das gef\u00fchl habe ihn schon seit jahren zu kennen. martin aus dem s\u00fcdtirol ist 49 jahre alt. er ist knapp doppelt so alt wie ich doch das alter z\u00e4hlt auf dem camino kaum. wir hatten eine herrliche zeit zusammen auf dem camino!!<\/p>\n","protected":false},"excerpt":{"rendered":"<p>als ich aufstehe sind martin und anja wiedermal schon \u00fcber alle berge. franz liegt noch im bett. m\u00f6chte gerne alleine los, also lasse ich franz zur\u00fcck. er w\u00fcrde mich bestimmt einholen. im dunkeln treffe ich schon bald auf ein franz\u00f6sisches p\u00e4rchen aus strassbourg. 72 jahre alt! sie meinten der franz\u00f6sische weg sei sch\u00f6ner als der [&hellip;]<\/p>\n","protected":false},"author":1,"featured_media":0,"comment_status":"open","ping_status":"open","sticky":false,"template":"","format":"standard","meta":{"_jetpack_memberships_contains_paid_content":false,"footnotes":""},"categories":[1],"tags":[],"class_list":["post-219","post","type-post","status-publish","format-standard","hentry","category-uncategorized"],"jetpack_featured_media_url":"","jetpack_sharing_enabled":true,"_links":{"self":[{"href":"https:\/\/mnbucher.com\/blog\/2022-camino-de-santiago\/wp-json\/wp\/v2\/posts\/219","targetHints":{"allow":["GET"]}}],"collection":[{"href":"https:\/\/mnbucher.com\/blog\/2022-camino-de-santiago\/wp-json\/wp\/v2\/posts"}],"about":[{"href":"https:\/\/mnbucher.com\/blog\/2022-camino-de-santiago\/wp-json\/wp\/v2\/types\/post"}],"author":[{"embeddable":true,"href":"https:\/\/mnbucher.com\/blog\/2022-camino-de-santiago\/wp-json\/wp\/v2\/users\/1"}],"replies":[{"embeddable":true,"href":"https:\/\/mnbucher.com\/blog\/2022-camino-de-santiago\/wp-json\/wp\/v2\/comments?post=219"}],"version-history":[{"count":2,"href":"https:\/\/mnbucher.com\/blog\/2022-camino-de-santiago\/wp-json\/wp\/v2\/posts\/219\/revisions"}],"predecessor-version":[{"id":221,"href":"https:\/\/mnbucher.com\/blog\/2022-camino-de-santiago\/wp-json\/wp\/v2\/posts\/219\/revisions\/221"}],"wp:attachment":[{"href":"https:\/\/mnbucher.com\/blog\/2022-camino-de-santiago\/wp-json\/wp\/v2\/media?parent=219"}],"wp:term":[{"taxonomy":"category","embeddable":true,"href":"https:\/\/mnbucher.com\/blog\/2022-camino-de-santiago\/wp-json\/wp\/v2\/categories?post=219"},{"taxonomy":"post_tag","embeddable":true,"href":"https:\/\/mnbucher.com\/blog\/2022-camino-de-santiago\/wp-json\/wp\/v2\/tags?post=219"}],"curies":[{"name":"wp","href":"https:\/\/api.w.org\/{rel}","templated":true}]}}