{"id":212,"date":"2022-10-02T21:23:00","date_gmt":"2022-10-02T21:23:00","guid":{"rendered":"https:\/\/mnbucher.com\/blog\/2022-camino-de-santiago\/?p=212"},"modified":"2022-10-04T21:24:09","modified_gmt":"2022-10-04T21:24:09","slug":"tag-34-a-lavacolla","status":"publish","type":"post","link":"https:\/\/mnbucher.com\/blog\/2022-camino-de-santiago\/2022\/10\/02\/tag-34-a-lavacolla\/","title":{"rendered":"Tag 34: A Lavacolla"},"content":{"rendered":"\n<p>anja und martin sind schon los! als ich aufstehe packt franz gerade sein zeugs zusammen und \u00e4fft einen ami nach: \u201eso how was your day so far martin? it\u2018s wonderful today. what a beautiful day it is.\u201c und beugt sich zu mir in den schlafsack runter. wir kr\u00fcmmen uns vor lachen obwohl ich gerade erst aufgewacht bin!!<\/p>\n\n\n\n<p>die sch\u00fcchterne junge frau von der herberge w\u00fcnscht uns einen guten tag und ich trete auf die strasse, laufe die paar hundert meter hoch zur\u00fcck zum camino. habs noch nie so fest in den beinen gesp\u00fcrt! nicht die f\u00fcsse schmerzen aber die oberschenkel. die 34 kilometer von gestern zeigen ihre dramatische wirkung und meine beine schreien schon nach pause. aber heute w\u00e4ren noch 25 km zu machen wenn wir am montag nicht allzuviel machen wollen beim eintreffen in santiago.<\/p>\n\n\n\n<p>franz holt mich nach ein paar hundert metern schon ein und wir quatschen in aller fr\u00fch weiter \u00fcber die amis. f\u00fcr mich w\u00e4rs ja noch auszuhalten. ich finde die gespr\u00e4che langweilig aber verzieh mich dann einfach in dem ich eine trinkpause einlege oder pinkeln gehe wenn ich w\u00e4hrend dem wandern dumme oberfl\u00e4chliche fragen gestellt bekomme. franz hingegen kommt noch immer \u00fcberhaupt nicht damit klar. seine wut braust sich jeweils auf wenn er \u00fcber die amis spricht und sein kopf wird ganz rot. noch roter als sein knallrotes hawaihemd. er wird wieder ganz zornig beim laufen! und keine halbe stunde plaudern wir dar\u00fcber da kommen wir vor eine skulptur aus bierflaschen. vor uns zwei damen geschnitzt aus demselben holz das wir immer und wieder beschreiben und dar\u00fcber lachen. ospray rucksack und trinkhalm. und sie machen die klappe auf: \u201eoh my god catherine. look at this. it\u2018s beautiful..\u201c wir lachen so laut raus dass sie sich zu uns umdrehen und wir laufen direkt an ihnen vorbei und \u00fcberholen sie ohne uns dar\u00fcber zu sch\u00e4men.<\/p>\n\n\n\n<p>erste kaffeepause. der typ aus barcelona mit seinem wanderstock sehe ich zum ersten mal ohne den mexikaner. wir tauschen nummern aus! w\u00e4re schade ihn aus den augen zu verlieren. vielleicht w\u00fcrde ich mich bei der heimfahrt via barcelona bei ihm melden.<\/p>\n\n\n\n<p>beim kaffee trinken sehen wird emilio und alina von weitem! sie kommen kurz zu uns r\u00fcber und wir tauschen ein paar worte. unterdessen sind so viele pilgernde auf dem camino dass es gut tut, ab und an auf bekannte gesichter zu stossen. auch die tempelritter laufen wenig sp\u00e4ter an uns vorbei und wir winken ihnen zu.<\/p>\n\n\n\n<p>franz und ich laufen weiter. wir haben ein tiefes und langes gespr\u00e4ch \u00fcber die deutsche kultur und was wir an ihr nicht m\u00f6gen und was wir an der spanischen kultur so sehr m\u00f6gen und zu hause vermissen. franz m\u00f6chte eine alberge aufmachen. alberge bavaria. weisswurst und kartoffelsalat soll es geben. nach zwei stunden marsches machen wir halt und nehmen das erste bier f\u00fcr den tag. von anja erfahren wir via whatsapp dass sie und martin schon in o pedrouzo seien und seit \u00fcber einer stunde da w\u00e4ren! und wir haben noch eine stunde dahin. die sind uns also zwei stunden voraus. waren wir so langsam?<\/p>\n\n\n\n<p>w\u00e4hrend franz pinkeln geht ergreife ich die gelegenheit um alleine weiterzulaufen. m\u00f6chte wieder etwas ruhe im kopf. es ist mittagszeit und wieder heiss und es hat nicht mehr viele leute auf dem camino. mache in o pedrouzo nur kurzen halt bei einer b\u00e4ckerei, gehe dann aber wieder weiter. von hier noch zwei stunden bis zur herberge. es ist 15 uhr. wird 17 uhr bis ich ankomme. mit w\u00e4sche trocknen k\u00f6nnte es knapp werden. ich trage nun schon seit triacastela halb-nasse w\u00e4sche herum und war nie fr\u00fchzeitig genug in der herberge, um mein zeugs lang genug an der sonne zu trocknen. wenn es \u00fcberhaupt sonne gab. so sch\u00f6n es auch ist, sp\u00e4ter aufzustehen und sich durch den tag mehr zeit zu lassen, kommt es doch auch mit gewissen nachteilen. hatte keine zeit zum schreiben ode lesen. seit ner woche keine seite anger\u00fchrt. laufen. essen. bierchen. essen. schlafen. f\u00fcr mehr war diese tage keine zeit! ach der strenge pilgeralltag.<\/p>\n\n\n\n<p>der weg f\u00fchrt durch herrlich duftende eukalyptusw\u00e4lder. vorbei am grossen flugplatz des flughafens von santiago. es kommen viele erinnerungen hoch von der reise 2017 zusammen mit candid. el camino del norte mit dem fahrrad. genau hier irgendwo sind wir dann auf die letzten meilen des caminos getreten und sind auf marcial gestossen. ob ich die bar wiedererkennnen w\u00fcrde?<\/p>\n\n\n\n<figure class=\"wp-block-image size-large\"><img loading=\"lazy\" decoding=\"async\" width=\"1024\" height=\"768\" src=\"https:\/\/mnbucher.com\/blog\/2022-camino-de-santiago\/wp-content\/uploads\/2022\/10\/img_5213-1024x768.jpg\" class=\"wp-image-209\" srcset=\"https:\/\/mnbucher.com\/blog\/2022-camino-de-santiago\/wp-content\/uploads\/2022\/10\/img_5213-1024x768.jpg 1024w, https:\/\/mnbucher.com\/blog\/2022-camino-de-santiago\/wp-content\/uploads\/2022\/10\/img_5213-300x225.jpg 300w, https:\/\/mnbucher.com\/blog\/2022-camino-de-santiago\/wp-content\/uploads\/2022\/10\/img_5213-768x576.jpg 768w, https:\/\/mnbucher.com\/blog\/2022-camino-de-santiago\/wp-content\/uploads\/2022\/10\/img_5213-1536x1152.jpg 1536w, https:\/\/mnbucher.com\/blog\/2022-camino-de-santiago\/wp-content\/uploads\/2022\/10\/img_5213-2048x1536.jpg 2048w\" sizes=\"auto, (max-width: 1024px) 100vw, 1024px\" \/><figcaption class=\"wp-element-caption\">eukalyptuswald am nachmittag kurz nach o pedrouzo<\/figcaption><\/figure>\n\n\n\n<p>erreiche dann endlich die herberge. im garten suche ich nach martin und franz und anja. keine spur! treffe auf alain, den franzosen aus sahag\u00f9n! er spricht mich wieder auf franz\u00f6sisch an. was denn sonst. martin kommt dazu und f\u00fchrt mich ins sch\u00f6ne kleine 4er-bett-zimmer. ach! sch\u00f6n famili\u00e4r. letzter abend vor santiago. wir gehen zusammen apero trinken mit sangr\u00eda! danach zusammen dinnieren. anja m\u00f6chte morgen fr\u00fch los. es w\u00e4ren zwei stunden bis santiago. ich schaue morgen wie ich mag. erwarte keinen grossen sentimentalen moment und so w\u00fcrde es nicht gross einen unterschied machen, ob ich auf die leere plaza schon um 9 uhr stosse oder auf eine volle plaza um 11 uhr. zumindest so die theorie. aber so oder so: MORGEN RUFT SANTIAGO!<\/p>\n\n\n\n<figure class=\"wp-block-image size-large\"><img loading=\"lazy\" decoding=\"async\" width=\"1024\" height=\"768\" src=\"https:\/\/mnbucher.com\/blog\/2022-camino-de-santiago\/wp-content\/uploads\/2022\/10\/img_5217-1024x768.jpg\" class=\"wp-image-210\" srcset=\"https:\/\/mnbucher.com\/blog\/2022-camino-de-santiago\/wp-content\/uploads\/2022\/10\/img_5217-1024x768.jpg 1024w, https:\/\/mnbucher.com\/blog\/2022-camino-de-santiago\/wp-content\/uploads\/2022\/10\/img_5217-300x225.jpg 300w, https:\/\/mnbucher.com\/blog\/2022-camino-de-santiago\/wp-content\/uploads\/2022\/10\/img_5217-768x576.jpg 768w, https:\/\/mnbucher.com\/blog\/2022-camino-de-santiago\/wp-content\/uploads\/2022\/10\/img_5217-1536x1152.jpg 1536w, https:\/\/mnbucher.com\/blog\/2022-camino-de-santiago\/wp-content\/uploads\/2022\/10\/img_5217-2048x1536.jpg 2048w\" sizes=\"auto, (max-width: 1024px) 100vw, 1024px\" \/><figcaption class=\"wp-element-caption\">garten und w\u00e4sche trocknen in den letzten sonnenstrahlen (hat dann wieder nicht gereicht zum trocknen \u00fcbrigens)<\/figcaption><\/figure>\n\n\n\n<figure class=\"wp-block-image size-large\"><img loading=\"lazy\" decoding=\"async\" width=\"1024\" height=\"768\" src=\"https:\/\/mnbucher.com\/blog\/2022-camino-de-santiago\/wp-content\/uploads\/2022\/10\/img_5220-1024x768.jpg\" class=\"wp-image-211\" srcset=\"https:\/\/mnbucher.com\/blog\/2022-camino-de-santiago\/wp-content\/uploads\/2022\/10\/img_5220-1024x768.jpg 1024w, https:\/\/mnbucher.com\/blog\/2022-camino-de-santiago\/wp-content\/uploads\/2022\/10\/img_5220-300x225.jpg 300w, https:\/\/mnbucher.com\/blog\/2022-camino-de-santiago\/wp-content\/uploads\/2022\/10\/img_5220-768x576.jpg 768w, https:\/\/mnbucher.com\/blog\/2022-camino-de-santiago\/wp-content\/uploads\/2022\/10\/img_5220-1536x1152.jpg 1536w, https:\/\/mnbucher.com\/blog\/2022-camino-de-santiago\/wp-content\/uploads\/2022\/10\/img_5220-2048x1536.jpg 2048w\" sizes=\"auto, (max-width: 1024px) 100vw, 1024px\" \/><figcaption class=\"wp-element-caption\">kurz vor dem lichterl\u00f6schen im zimmerschlag<\/figcaption><\/figure>\n","protected":false},"excerpt":{"rendered":"<p>anja und martin sind schon los! als ich aufstehe packt franz gerade sein zeugs zusammen und \u00e4fft einen ami nach: \u201eso how was your day so far martin? it\u2018s wonderful today. what a beautiful day it is.\u201c und beugt sich zu mir in den schlafsack runter. wir kr\u00fcmmen uns vor lachen obwohl ich gerade erst [&hellip;]<\/p>\n","protected":false},"author":1,"featured_media":0,"comment_status":"open","ping_status":"open","sticky":false,"template":"","format":"standard","meta":{"_jetpack_memberships_contains_paid_content":false,"footnotes":""},"categories":[1],"tags":[],"class_list":["post-212","post","type-post","status-publish","format-standard","hentry","category-uncategorized"],"jetpack_featured_media_url":"","jetpack_sharing_enabled":true,"_links":{"self":[{"href":"https:\/\/mnbucher.com\/blog\/2022-camino-de-santiago\/wp-json\/wp\/v2\/posts\/212","targetHints":{"allow":["GET"]}}],"collection":[{"href":"https:\/\/mnbucher.com\/blog\/2022-camino-de-santiago\/wp-json\/wp\/v2\/posts"}],"about":[{"href":"https:\/\/mnbucher.com\/blog\/2022-camino-de-santiago\/wp-json\/wp\/v2\/types\/post"}],"author":[{"embeddable":true,"href":"https:\/\/mnbucher.com\/blog\/2022-camino-de-santiago\/wp-json\/wp\/v2\/users\/1"}],"replies":[{"embeddable":true,"href":"https:\/\/mnbucher.com\/blog\/2022-camino-de-santiago\/wp-json\/wp\/v2\/comments?post=212"}],"version-history":[{"count":1,"href":"https:\/\/mnbucher.com\/blog\/2022-camino-de-santiago\/wp-json\/wp\/v2\/posts\/212\/revisions"}],"predecessor-version":[{"id":213,"href":"https:\/\/mnbucher.com\/blog\/2022-camino-de-santiago\/wp-json\/wp\/v2\/posts\/212\/revisions\/213"}],"wp:attachment":[{"href":"https:\/\/mnbucher.com\/blog\/2022-camino-de-santiago\/wp-json\/wp\/v2\/media?parent=212"}],"wp:term":[{"taxonomy":"category","embeddable":true,"href":"https:\/\/mnbucher.com\/blog\/2022-camino-de-santiago\/wp-json\/wp\/v2\/categories?post=212"},{"taxonomy":"post_tag","embeddable":true,"href":"https:\/\/mnbucher.com\/blog\/2022-camino-de-santiago\/wp-json\/wp\/v2\/tags?post=212"}],"curies":[{"name":"wp","href":"https:\/\/api.w.org\/{rel}","templated":true}]}}