{"id":179,"date":"2022-09-26T15:08:00","date_gmt":"2022-09-26T15:08:00","guid":{"rendered":"https:\/\/mnbucher.com\/blog\/2022-camino-de-santiago\/?p=179"},"modified":"2022-10-04T15:09:19","modified_gmt":"2022-10-04T15:09:19","slug":"tag-28-o-cebreiro","status":"publish","type":"post","link":"https:\/\/mnbucher.com\/blog\/2022-camino-de-santiago\/2022\/09\/26\/tag-28-o-cebreiro\/","title":{"rendered":"Tag 28: O Cebreiro"},"content":{"rendered":"\n<figure class=\"wp-block-image size-large\"><img loading=\"lazy\" decoding=\"async\" width=\"768\" height=\"1024\" src=\"https:\/\/mnbucher.com\/blog\/2022-camino-de-santiago\/wp-content\/uploads\/2022\/10\/33c92efd-1227-424d-881f-cb5fb153dec5-768x1024.jpg\" class=\"wp-image-178\" srcset=\"https:\/\/mnbucher.com\/blog\/2022-camino-de-santiago\/wp-content\/uploads\/2022\/10\/33c92efd-1227-424d-881f-cb5fb153dec5-768x1024.jpg 768w, https:\/\/mnbucher.com\/blog\/2022-camino-de-santiago\/wp-content\/uploads\/2022\/10\/33c92efd-1227-424d-881f-cb5fb153dec5-225x300.jpg 225w, https:\/\/mnbucher.com\/blog\/2022-camino-de-santiago\/wp-content\/uploads\/2022\/10\/33c92efd-1227-424d-881f-cb5fb153dec5-1152x1536.jpg 1152w, https:\/\/mnbucher.com\/blog\/2022-camino-de-santiago\/wp-content\/uploads\/2022\/10\/33c92efd-1227-424d-881f-cb5fb153dec5.jpg 1200w\" sizes=\"auto, (max-width: 768px) 100vw, 768px\" \/><figcaption class=\"wp-element-caption\">supermercado in o cebreiro in einem traditionellen keltischen haus mit strohdach.<\/figcaption><\/figure>\n\n\n\n<p>der heutige tag w\u00e4re eine grosse etappe. ich w\u00fcrde entweder in la faba halt machen oder den aufstieg nach o cebrerio wagen. letzterer wird mit acht stunden reiner wanderzeit gesch\u00e4tzt. es w\u00e4re die l\u00e4ngste bisherige etappe auf dem camino. bin aber nun schon drei wochen unterwegs und wir sollten ja gut in form sein. ehrlich gesagt w\u00e4re mir aber ein etwas ruhigerer abend f\u00fcr einmal lieber! ob ich den in la faba auch kriegen w\u00fcrde? nach o cebreiro zu laufen h\u00e4tte den vorteil, dass ich morgen weniger zu machen h\u00e4tte nach triacastela. und im dunkeln in aller fr\u00fch den fetten aufstieg zu machen w\u00e4re nicht sehr dankbar.<\/p>\n\n\n\n<p>in unserer premium herberge mit einzelbetten herrscht noch tiefer schlaf als wir aufstehen um sechs. alles langschl\u00e4fer! faule s\u00e4cke! donovan und ich treten auf die strasse, w\u00e4hrend doug und paco noch am einpacken sind. doug sagt dann immer \u201egonna hit the road\u201c. liebe den spruch!<\/p>\n\n\n\n<p>der weg verl\u00e4uft die ersten drei stunden langweilig auf der asphaltstrasse. kaum pilgernde anzutreffen und so muss ich mich mehrmals vergewissern, ob ich noch auf dem camino war. es ist bitterkalt. selbst durch die handschuhe und meine skim\u00fctze sp\u00fcre ich die k\u00e4lte. zum ersten mal f\u00e4llt mir auf, dass ich auch als skifahrer durchgehen k\u00f6nnte mit meinem outfit. sogar die wanderst\u00f6cke f\u00fchlen sich in der k\u00e4lte pl\u00f6tzlich eher wie skist\u00f6cke an. fehlt noch der schnee. war noch nie so kalt auf dem camino. zum ersten mal waren wohl auch alle pilgernde im inneren der bar anzutreffen. niemand draussen auf den st\u00fchlen und von weitem dachte ich, die bar w\u00e4re geschlossen! hier treffe ich auf donovan, der ungeduldig darauf wartet, bis mein kaffee abk\u00fchlt, wohl aber schon zu lange hier sitzt und dann nicht mehr warten kann und weiter los muss. laufe alleine weiter. es ist halb neun und noch immer nicht ganz hell. links und rechts geht es hoch den berg hinauf und die asphaltstrasse l\u00e4uft weiter durchs tal weiter den berg hoch. vor mir hole ich den italiener antonio ein! der mann aus dem sushirestaurant in ponferrada. martin hatte mich schon vorgewarnt, der typ h\u00e4tte nicht viel in der birne. ich seh ihn immer lachen, als w\u00e4re die welt immer in bester ordnung. sch\u00f6n. ist 33. hab ihn j\u00fcnger eingesch\u00e4tzt. er hat probleme am fuss und hinkt daher ordentlich und ich drossle mein tempo mit ihm.<\/p>\n\n\n\n<p>fange an mir mehr zeit zu nehmen f\u00fcr den camino und m\u00f6chte nicht mehr so hetzen. laufe an rosa und alex und die hermanos vorbei. und mache einen witz ob ich schon wein bestellen soll. rosa schaut mich verdutzt an als w\u00fcrde sie gleich umkippen nur schon beim gedanken! und paco ist tats\u00e4chlich schon wieder beim wein. ein steiler anstieg dann nach la faba. und sp\u00fcre den schweren rucksack nun wieder ordentlich. \u00fcberhole den \u00e4lteren koreaner aus dem kolonialhotel. so ein witziger typ. muss immer laut lachen wenn ich den typen sehe. erreiche das kleine d\u00f6rfchen la faba dann irgendwann so um 2 vielleicht. tolle aussicht auf das tal! mache halt und hole mir ein bocadillo. heute sogar mit salatblatt und tomatenscheibe. ein luxus. giulia und pi holen mich kurz sp\u00e4ter ein und machen ebenfalls rast hier. bleibe ich hier heute nacht? hab noch energie. also laufe ich weiter los. der weg wird steinig und ist noch immer steil. vor mir ein bauernhof. und rosa und alex! die beiden spanierinnen. wir laufen gemeinsam weiter. durch meinen schweren rucksack bin ich aber nicht ganz so luftig-leicht unterwegs und sie ziehen allm\u00e4hlich davon. nur wenig sp\u00e4ter hole ich die beiden ein \u2014 und die hermanos! wir stehen vor einem grenzstein, der die beginnende autonome region galizien markiert. nach zwei wochen durch kastilien und l\u00e9on w\u00fcrden wir nun durch galizien wandern. gruppenfoto. nur wenig sp\u00e4ter erreichen wir das malerische dorf o cebreiro.<\/p>\n\n\n\n<figure class=\"wp-block-image size-large\"><img loading=\"lazy\" decoding=\"async\" width=\"1024\" height=\"768\" src=\"https:\/\/mnbucher.com\/blog\/2022-camino-de-santiago\/wp-content\/uploads\/2022\/10\/6d2c8501-0bdb-43e4-8149-13b97841e9d1-1024x768.jpg\" class=\"wp-image-177\" srcset=\"https:\/\/mnbucher.com\/blog\/2022-camino-de-santiago\/wp-content\/uploads\/2022\/10\/6d2c8501-0bdb-43e4-8149-13b97841e9d1-1024x768.jpg 1024w, https:\/\/mnbucher.com\/blog\/2022-camino-de-santiago\/wp-content\/uploads\/2022\/10\/6d2c8501-0bdb-43e4-8149-13b97841e9d1-300x225.jpg 300w, https:\/\/mnbucher.com\/blog\/2022-camino-de-santiago\/wp-content\/uploads\/2022\/10\/6d2c8501-0bdb-43e4-8149-13b97841e9d1-768x576.jpg 768w, https:\/\/mnbucher.com\/blog\/2022-camino-de-santiago\/wp-content\/uploads\/2022\/10\/6d2c8501-0bdb-43e4-8149-13b97841e9d1-1536x1152.jpg 1536w, https:\/\/mnbucher.com\/blog\/2022-camino-de-santiago\/wp-content\/uploads\/2022\/10\/6d2c8501-0bdb-43e4-8149-13b97841e9d1.jpg 1600w\" sizes=\"auto, (max-width: 1024px) 100vw, 1024px\" \/><figcaption class=\"wp-element-caption\">grenzstein zu galizien.<\/figcaption><\/figure>\n\n\n\n<p>francesco und ich laufen vor die alberge municipal und schmeissen unsere rucks\u00e4cke hin. wir schauen wegen einer geeigneten fl\u00e4che f\u00fcr unsere zelte. es windet gewaltig. laufen kurz weiter hoch den berg und finden eine windgesch\u00fctzte fl\u00e4che. doch der wetterbericht meldet regen. die ganze nacht durch. es w\u00fcrde runter auf 5 grad celcius gehen. nicht optimal. wir bleiben kurz sitzen als gerade die sonne durchdr\u00fcckt und reden \u00fcber allerlei und \u00fcber die vergangenen tage. laufen runter zur municipal. duschen nicht erlaubt. nur wenn man ein bett hat. ach!eine heisse dusche. das w\u00e4rs jetzt. paco kommt raus und will uns \u00fcberreden das bett in der herberge zu nehmen. also gut! wir m\u00f6chten einchecken aber die dame ist nicht mehr da! warten also draussen so eine halbe stunde vielleicht. sie kommt dann endlich und ruft uns chicos zu sich. premium bett in der oberen etage! alles einzelbetten. muss dann aber zuerst mal was essen. der supermarkt ist in einem dieser keltischen h\u00e4user mit strohd\u00e4chern. das dorf f\u00fchlt sich mehr als kulisse denn als wahres dorf an. k\u00f6nnte ein ecken im europapark sein unter dem motto \u201egalizien\u201c. aus den boxen im supermarkt dr\u00f6hnt irgendwelche keltische dudelsackmusik. zur\u00fcck in der herberge bittet mich die frau von der herberge um eine \u00fcbersetzung vom englischen ins spanische, sie hat keine ahnung was sie hier vor sich hat und das internet scheint sie auch nicht benutzen zu k\u00f6nnen. nickerchen oben im zimmer, bin total ersch\u00f6pft!! als ich runter zur dusche gehe kurz vor acht dann die bittere erkenntnis: es gibt kein warmwasser mehr!! draussen weht der wind so kalt dass es gleich schneien kommt und ich krieg hier keine warme dusche mehr.<\/p>\n\n\n\n<p>erwische martin im flur und wir wollen zusammen was essen gehen im dorf. pulpo sei in galizien die spezialit\u00e4t. wir laufen zu den paar h\u00e4usern, die als herberge und bar und restaurant zugleich fungieren. die junge italogruppe mit uns im schlepptau. da kommt eine ersch\u00f6pfte gestalt angekrochen. die israelin aus logro\u00f1o! unglaublich. total zerst\u00f6rt meint sie zu uns, sie sei von ponferrada gestartet heute. nicht m\u00f6glich!! das w\u00e4ren 55km in einem tag. wie geht das nur? wieso macht man das? verr\u00fccktes m\u00e4dchen! es ist ihr siebter camino meint sie zu uns. martin und ich gehen total verdutzt in das restaurant, welches paco uns empfohlen hat. sheen, der malaysier aus dem sushirestaurant, sitzt alleine am tisch und wir gesellen uns zu ihm. bestellen nat\u00fcrlich pulpo! rosa kommt wenig sp\u00e4ter \u2014 ebenfalls ziemlich zerst\u00f6rt \u2014 in die bude und holt sich ein bocadillo zum mitnehmen. rosa scheint total am ende zu sein. wir essen gen\u00fcsslich weiter. der pulpo schmeckt ausgezeichnet!! gerade wollen wir gehen, da die herberge zumacht, da kommt kerem, die israelin, ins restaurant und bestellt was schnelles. herberge macht in 15min zu. ich solle doch warten und ihr aufmachen. bin m\u00fcde und hab keinen bock so lange noch aufzubleiben aber kann nicht nein sagen und sie ausgesperrt lassen. hat mich in der zange die junge kerem. na gut. wir gehen also zur\u00fcck zur herberge und ich warte vor dem eingang drinnen. vielleicht so eine stunde! neben mir sitzt eine asiatin und bedient ihr elektrisches massageger\u00e4t das aussieht wie ein vibrator. wir sitzen beide still im eingangsbereich und das einzige ger\u00e4usch ist das brummen des massageger\u00e4ts. kerem kommt dann irgendwann und ich mache ihr die t\u00fcr auf! und wir gehen schlafen.<\/p>\n","protected":false},"excerpt":{"rendered":"<p>der heutige tag w\u00e4re eine grosse etappe. ich w\u00fcrde entweder in la faba halt machen oder den aufstieg nach o cebrerio wagen. letzterer wird mit acht stunden reiner wanderzeit gesch\u00e4tzt. es w\u00e4re die l\u00e4ngste bisherige etappe auf dem camino. bin aber nun schon drei wochen unterwegs und wir sollten ja gut in form sein. ehrlich [&hellip;]<\/p>\n","protected":false},"author":1,"featured_media":0,"comment_status":"open","ping_status":"open","sticky":false,"template":"","format":"standard","meta":{"_jetpack_memberships_contains_paid_content":false,"footnotes":""},"categories":[1],"tags":[],"class_list":["post-179","post","type-post","status-publish","format-standard","hentry","category-uncategorized"],"jetpack_featured_media_url":"","jetpack_sharing_enabled":true,"_links":{"self":[{"href":"https:\/\/mnbucher.com\/blog\/2022-camino-de-santiago\/wp-json\/wp\/v2\/posts\/179","targetHints":{"allow":["GET"]}}],"collection":[{"href":"https:\/\/mnbucher.com\/blog\/2022-camino-de-santiago\/wp-json\/wp\/v2\/posts"}],"about":[{"href":"https:\/\/mnbucher.com\/blog\/2022-camino-de-santiago\/wp-json\/wp\/v2\/types\/post"}],"author":[{"embeddable":true,"href":"https:\/\/mnbucher.com\/blog\/2022-camino-de-santiago\/wp-json\/wp\/v2\/users\/1"}],"replies":[{"embeddable":true,"href":"https:\/\/mnbucher.com\/blog\/2022-camino-de-santiago\/wp-json\/wp\/v2\/comments?post=179"}],"version-history":[{"count":1,"href":"https:\/\/mnbucher.com\/blog\/2022-camino-de-santiago\/wp-json\/wp\/v2\/posts\/179\/revisions"}],"predecessor-version":[{"id":180,"href":"https:\/\/mnbucher.com\/blog\/2022-camino-de-santiago\/wp-json\/wp\/v2\/posts\/179\/revisions\/180"}],"wp:attachment":[{"href":"https:\/\/mnbucher.com\/blog\/2022-camino-de-santiago\/wp-json\/wp\/v2\/media?parent=179"}],"wp:term":[{"taxonomy":"category","embeddable":true,"href":"https:\/\/mnbucher.com\/blog\/2022-camino-de-santiago\/wp-json\/wp\/v2\/categories?post=179"},{"taxonomy":"post_tag","embeddable":true,"href":"https:\/\/mnbucher.com\/blog\/2022-camino-de-santiago\/wp-json\/wp\/v2\/tags?post=179"}],"curies":[{"name":"wp","href":"https:\/\/api.w.org\/{rel}","templated":true}]}}