{"id":162,"date":"2022-09-23T08:51:00","date_gmt":"2022-09-23T08:51:00","guid":{"rendered":"https:\/\/mnbucher.com\/blog\/2022-camino-de-santiago\/?p=162"},"modified":"2022-09-26T09:07:19","modified_gmt":"2022-09-26T09:07:19","slug":"tag-25-foncebadon","status":"publish","type":"post","link":"https:\/\/mnbucher.com\/blog\/2022-camino-de-santiago\/2022\/09\/23\/tag-25-foncebadon\/","title":{"rendered":"Tag 25: Foncebadon"},"content":{"rendered":"\n<figure class=\"wp-block-image size-large\"><img loading=\"lazy\" decoding=\"async\" width=\"1024\" height=\"768\" src=\"https:\/\/mnbucher.com\/blog\/2022-camino-de-santiago\/wp-content\/uploads\/2022\/09\/img_5075-1024x768.jpg\" class=\"wp-image-159\" srcset=\"https:\/\/mnbucher.com\/blog\/2022-camino-de-santiago\/wp-content\/uploads\/2022\/09\/img_5075-1024x768.jpg 1024w, https:\/\/mnbucher.com\/blog\/2022-camino-de-santiago\/wp-content\/uploads\/2022\/09\/img_5075-300x225.jpg 300w, https:\/\/mnbucher.com\/blog\/2022-camino-de-santiago\/wp-content\/uploads\/2022\/09\/img_5075-768x576.jpg 768w, https:\/\/mnbucher.com\/blog\/2022-camino-de-santiago\/wp-content\/uploads\/2022\/09\/img_5075-1536x1152.jpg 1536w, https:\/\/mnbucher.com\/blog\/2022-camino-de-santiago\/wp-content\/uploads\/2022\/09\/img_5075-2048x1536.jpg 2048w\" sizes=\"auto, (max-width: 1024px) 100vw, 1024px\" \/><\/figure>\n\n\n\n<p>die klassenzusammenkunft ging heute die ganze wanderung \u00fcber weiter. ich verlasse astorga von meinem gartencamp aus und gehe zur\u00fcck auf den camino. die f\u00fcsse auf den camino zu betreten ist wie eine autobahneinfahrt. man ist wieder back on the road. ein tolles gef\u00fchl. ist man abseits des caminos f\u00fchlt man sich wie verfahren! sehe martin in einer bar fr\u00fchst\u00fccken. es ist nat\u00fcrlich noch immer dunkel. 6.30 uhr bin ich los. und treffe in der altstadt auf doug und donovan und paco. wir laufen zusammen weiter. die landschaft hinter astorga ist dann pl\u00f6tzlich so ganz anders als wir es die letzten zwei wochen hatten. hohes steppengras macht sich links und rechts des weges auf und biegt sich durch den frischen wind der heute fr\u00fch herrscht.<\/p>\n\n\n\n<p>mit donovan fr\u00fchst\u00fccke ich. die dame hinter dem tresen ist so langsam, dass wir bestimmt eine halbe stunde in der schlange stehen. durchs fenster sehen wir allerlei bekanntschaften vorbeilaufen. doug und paco setzen sich zu uns und wir reden dar\u00fcber, dass die betten in foncebadon schon alle ausgebucht zu sein scheinen. mist. w\u00e4re es zu kalt f\u00fcrs zelt heute nacht auf 1400 meter \u00fcber meer? doug hat jedoch ein bett f\u00fcr mich f\u00fcr den notfall.<\/p>\n\n\n\n<p>laufe eine stunde weiter und treffe auf alex und rosa welche am fr\u00fchst\u00fccken sind. wenig sp\u00e4ter stossen paco und doug dazu. und martin. wir laufen alle zusammen weiter und es geht weiter den berg hoch.<\/p>\n\n\n\n<p>laufe dann bestimmt eine stunde alleine durch die landschaft. ein sch\u00f6ner aussichtspunkt taucht auf und ich sehe bis weit in die meseta hinunter. ziehe meine schuhe aus und setze mich auf den boden nach einem ordentlichen anstieg. packe meine spanische schokolade aus welche ich schon \u00fcber eine woche herumschleppe! paco und doug kommen hoch. machen halt. wir sind ganz still und schauen runter auf die mit wald \u00fcberwachsenen h\u00fcgel. \u201emontes de leon\u201c heisst es hier. mehr h\u00fcgel als montes aber verglichen mit der meseta ist das nun schon was ganz anderes. die landschaft hat sich komplett ver\u00e4ndert in nur einem tag seit heute morgen in astorga. wahnsinn.<\/p>\n\n\n\n<figure class=\"wp-block-image size-large\"><img loading=\"lazy\" decoding=\"async\" width=\"1024\" height=\"768\" src=\"https:\/\/mnbucher.com\/blog\/2022-camino-de-santiago\/wp-content\/uploads\/2022\/09\/d234dcdc-4592-4ea1-89e4-4246507c9ce8-1024x768.jpg\" class=\"wp-image-160\" srcset=\"https:\/\/mnbucher.com\/blog\/2022-camino-de-santiago\/wp-content\/uploads\/2022\/09\/d234dcdc-4592-4ea1-89e4-4246507c9ce8-1024x768.jpg 1024w, https:\/\/mnbucher.com\/blog\/2022-camino-de-santiago\/wp-content\/uploads\/2022\/09\/d234dcdc-4592-4ea1-89e4-4246507c9ce8-300x225.jpg 300w, https:\/\/mnbucher.com\/blog\/2022-camino-de-santiago\/wp-content\/uploads\/2022\/09\/d234dcdc-4592-4ea1-89e4-4246507c9ce8-768x576.jpg 768w, https:\/\/mnbucher.com\/blog\/2022-camino-de-santiago\/wp-content\/uploads\/2022\/09\/d234dcdc-4592-4ea1-89e4-4246507c9ce8-1536x1152.jpg 1536w, https:\/\/mnbucher.com\/blog\/2022-camino-de-santiago\/wp-content\/uploads\/2022\/09\/d234dcdc-4592-4ea1-89e4-4246507c9ce8.jpg 1600w\" sizes=\"auto, (max-width: 1024px) 100vw, 1024px\" \/><figcaption class=\"wp-element-caption\">pacito und ich schauen runter ins tal w\u00e4hrend einem kurzen rast beim aufstieg nach foncebadon<\/figcaption><\/figure>\n\n\n\n<p>wir erreichen foncebadon. francesco und donovan stehen in der lange angek\u00fcndigten italienischen pizzeria! sie geben mir ein letztes st\u00fcck pizza als vorgeschmack f\u00fcr heute abend. es gibt nur einen tisch hier und der ist schon reserviert! bestimmt die italogruppe.<\/p>\n\n\n\n<p>herberge ist total lustig, wir habe den oberen stock zusammen mit f\u00fcnf weiteren pilger*innen. zwei amerikanerinnen liegen unter der bettdecke und schauen komplett \u00fcberm\u00fcdet auf ihr handy.<\/p>\n\n\n\n<p>foncebadon besteht aus einer einzigen strasse und ich setze mich draussen ans sonnenlicht. hole in der bar was zu knabbern und treffe auf emilio, eine brandneue bekanntschaft. der gute italiener geht heute hoch zum cruz de ferro und wird dort oben zelten zusammen mit thomas, einem der italokids. ich bin ganz neidisch und m\u00f6chte auch, aber habe das gef\u00fchl es k\u00f6nnte richtig kalt werden da oben. und gehe das risiko nicht ein. martin stosst dazu und wir plaudern am bartresen. danach zur\u00fcck zum bett f\u00fcr ein kleines nickerchen! war nicht ohne heute mit so viel anstieg.<\/p>\n\n\n\n<p>am fr\u00fchen abend treffen sich allerlei bekannte gesichter draussen auf der windgesch\u00fctzten terrasse. rosa, alex, pi, angel und wir hermanos. eine \u00e4usserst lustige runde haben wir!! alle ausser wir f\u00fcnf hermanos sind aber f\u00fcrs abendessen in der herberge. wir f\u00fcnf gehen dann hoch zur pizzeria und bestellen zwei grosse familienpizzas. die situation ist etwas absurd. wir sind hier komplett im nirgendwo und bestellen bei einem waschechten italiener zwei grosse pizzas. die wartezeit \u00fcberbr\u00fccken wir mit allerlei bl\u00f6dsinn in unserem zimmer. wir tauschen unsere h\u00fcte und schiessen tausend fotos w\u00e4hrend die beiden amerikanerinnen sichtlich genervt uns zuschauen. irgendwann lassen sie einen spruch hauen, wir sollten uns nicht wie kinder auff\u00fchren und wir drehen alle erst recht komplett durch! irrsinn.<\/p>\n\n\n\n<figure class=\"wp-block-image size-large\"><img loading=\"lazy\" decoding=\"async\" width=\"1024\" height=\"768\" src=\"https:\/\/mnbucher.com\/blog\/2022-camino-de-santiago\/wp-content\/uploads\/2022\/09\/27d57d46-8d6a-41f5-ac96-59c95409eba1-1024x768.jpg\" class=\"wp-image-161\" srcset=\"https:\/\/mnbucher.com\/blog\/2022-camino-de-santiago\/wp-content\/uploads\/2022\/09\/27d57d46-8d6a-41f5-ac96-59c95409eba1-1024x768.jpg 1024w, https:\/\/mnbucher.com\/blog\/2022-camino-de-santiago\/wp-content\/uploads\/2022\/09\/27d57d46-8d6a-41f5-ac96-59c95409eba1-300x225.jpg 300w, https:\/\/mnbucher.com\/blog\/2022-camino-de-santiago\/wp-content\/uploads\/2022\/09\/27d57d46-8d6a-41f5-ac96-59c95409eba1-768x576.jpg 768w, https:\/\/mnbucher.com\/blog\/2022-camino-de-santiago\/wp-content\/uploads\/2022\/09\/27d57d46-8d6a-41f5-ac96-59c95409eba1-1536x1152.jpg 1536w, https:\/\/mnbucher.com\/blog\/2022-camino-de-santiago\/wp-content\/uploads\/2022\/09\/27d57d46-8d6a-41f5-ac96-59c95409eba1.jpg 1600w\" sizes=\"auto, (max-width: 1024px) 100vw, 1024px\" \/><figcaption class=\"wp-element-caption\">wir warten auf unsere pizzas im zimmer<\/figcaption><\/figure>\n\n\n\n<p>der pizzaiolo ruft weniger sp\u00e4ter mit seinem horn draussen auf der strasse zum abendessen. wir holen uns die beiden kartons und setzen uns unten im wohnzimmer unserer herberge an den grossen tisch. wir trinken weiter und viel wein und es wird eine sentimentale und zusammenschweissende runde. wir erz\u00e4hlen uns viel und lassen viel los. paco erinnert uns: die leute nennen uns untersessen \u201elos mosqueteros\u201c, die f\u00fcnf musketiere, da wir in diesen wochen eine solch starke freundschaft entwickelt haben. ich habe das gef\u00fchl ich kenne die jungs seit jahren. francesco vergiesst pl\u00f6tzlich tr\u00e4nen. er h\u00e4tte zum ersten mal das gef\u00fchl, eine richtige familie zu haben \u2014 und wir versuchen ihn mit aufmunternden worten zu tr\u00f6sten. wir sind sehr still in diesem moment.<\/p>\n\n\n\n<p>zur\u00fcck im zimmer das todesurteil: der franzose ist schon im bett und schnarcht durchs zimmer. und ich habe das bett oberhalb von ihm. ich h\u00f6re sein schnarchen durch meine ohrst\u00f6psel so laut, dass ich das gef\u00fchl habe, gar keine ohropax drinnen zu haben. der typ toppt donovan um l\u00e4ngen. denke an emilio und thomas und ihre grandiose idee oben auf dem cruz de ferro zu schlafen. und r\u00fcttle mehrmals das bett von oben her durch in der hoffnung dass er im halbschlaf seine schlafposition \u00e4ndert.<\/p>\n","protected":false},"excerpt":{"rendered":"<p>die klassenzusammenkunft ging heute die ganze wanderung \u00fcber weiter. ich verlasse astorga von meinem gartencamp aus und gehe zur\u00fcck auf den camino. die f\u00fcsse auf den camino zu betreten ist wie eine autobahneinfahrt. man ist wieder back on the road. ein tolles gef\u00fchl. ist man abseits des caminos f\u00fchlt man sich wie verfahren! sehe martin [&hellip;]<\/p>\n","protected":false},"author":1,"featured_media":0,"comment_status":"open","ping_status":"open","sticky":false,"template":"","format":"standard","meta":{"_jetpack_memberships_contains_paid_content":false,"footnotes":""},"categories":[1],"tags":[],"class_list":["post-162","post","type-post","status-publish","format-standard","hentry","category-uncategorized"],"jetpack_featured_media_url":"","jetpack_sharing_enabled":true,"_links":{"self":[{"href":"https:\/\/mnbucher.com\/blog\/2022-camino-de-santiago\/wp-json\/wp\/v2\/posts\/162","targetHints":{"allow":["GET"]}}],"collection":[{"href":"https:\/\/mnbucher.com\/blog\/2022-camino-de-santiago\/wp-json\/wp\/v2\/posts"}],"about":[{"href":"https:\/\/mnbucher.com\/blog\/2022-camino-de-santiago\/wp-json\/wp\/v2\/types\/post"}],"author":[{"embeddable":true,"href":"https:\/\/mnbucher.com\/blog\/2022-camino-de-santiago\/wp-json\/wp\/v2\/users\/1"}],"replies":[{"embeddable":true,"href":"https:\/\/mnbucher.com\/blog\/2022-camino-de-santiago\/wp-json\/wp\/v2\/comments?post=162"}],"version-history":[{"count":1,"href":"https:\/\/mnbucher.com\/blog\/2022-camino-de-santiago\/wp-json\/wp\/v2\/posts\/162\/revisions"}],"predecessor-version":[{"id":163,"href":"https:\/\/mnbucher.com\/blog\/2022-camino-de-santiago\/wp-json\/wp\/v2\/posts\/162\/revisions\/163"}],"wp:attachment":[{"href":"https:\/\/mnbucher.com\/blog\/2022-camino-de-santiago\/wp-json\/wp\/v2\/media?parent=162"}],"wp:term":[{"taxonomy":"category","embeddable":true,"href":"https:\/\/mnbucher.com\/blog\/2022-camino-de-santiago\/wp-json\/wp\/v2\/categories?post=162"},{"taxonomy":"post_tag","embeddable":true,"href":"https:\/\/mnbucher.com\/blog\/2022-camino-de-santiago\/wp-json\/wp\/v2\/tags?post=162"}],"curies":[{"name":"wp","href":"https:\/\/api.w.org\/{rel}","templated":true}]}}