{"id":136,"date":"2022-09-18T13:05:00","date_gmt":"2022-09-18T13:05:00","guid":{"rendered":"https:\/\/mnbucher.com\/blog\/2022-camino-de-santiago\/?p=136"},"modified":"2022-09-21T17:19:09","modified_gmt":"2022-09-21T17:19:09","slug":"tag-20-sahagun","status":"publish","type":"post","link":"https:\/\/mnbucher.com\/blog\/2022-camino-de-santiago\/2022\/09\/18\/tag-20-sahagun\/","title":{"rendered":"Tag 20: Sahag\u00fan"},"content":{"rendered":"\n<figure class=\"wp-block-image size-large\"><img loading=\"lazy\" decoding=\"async\" width=\"768\" height=\"1024\" src=\"https:\/\/mnbucher.com\/blog\/2022-camino-de-santiago\/wp-content\/uploads\/2022\/09\/img_5004-768x1024.jpg\" alt=\"\" class=\"wp-image-135\" srcset=\"https:\/\/mnbucher.com\/blog\/2022-camino-de-santiago\/wp-content\/uploads\/2022\/09\/img_5004-768x1024.jpg 768w, https:\/\/mnbucher.com\/blog\/2022-camino-de-santiago\/wp-content\/uploads\/2022\/09\/img_5004-225x300.jpg 225w, https:\/\/mnbucher.com\/blog\/2022-camino-de-santiago\/wp-content\/uploads\/2022\/09\/img_5004-1152x1536.jpg 1152w, https:\/\/mnbucher.com\/blog\/2022-camino-de-santiago\/wp-content\/uploads\/2022\/09\/img_5004-1536x2048.jpg 1536w, https:\/\/mnbucher.com\/blog\/2022-camino-de-santiago\/wp-content\/uploads\/2022\/09\/img_5004-scaled.jpg 1920w\" sizes=\"auto, (max-width: 768px) 100vw, 768px\" \/><figcaption class=\"wp-element-caption\">w\u00e4sche trocknen im innenhof des klosters in sahag\u00fan<\/figcaption><\/figure>\n\n\n\n<p>w\u00e4re nicht viel auf dem programm heute. nach sahag\u00fan, die n\u00e4chste kleinere stadt vor leon, w\u00e4ren es etwas mehr als zwei stunden. ich hatte gestern den hermanos vorgeschlagen, dass wir um 8 uhr losk\u00f6nnten und um 10 uhr in sahag\u00fan fr\u00fchst\u00fccken k\u00f6nnten. die biologische uhr hatte hier wohl aber den gr\u00f6sseren hebel und so kam mich donovan um 6 wecken im zelt draussen um mich zu fragen ob ich auch fr\u00fchst\u00fccken k\u00e4me. \u201eno chance, nie im leben!\u201c, gab ich relativ forsch zur\u00fcck, drehte mich wieder im schlafsack und d\u00f6ste gen\u00fcsslich weiter bis die ersten sonnenstrahlen ins zelt fielen so kurz nach acht. ich meinte doug zu h\u00f6ren draussen aber als ich aufstand war die gruppe schon weg! vermutlich habe ich geschlafen als sie gingen, hatte nichts geh\u00f6rt! aber nun gut. hole mir einen kaffee bei der bar der herberge und setze mich an die sonne. ein anderer langschl\u00e4fer gr\u00fcsst mich beim z\u00e4hneputzen. der typ sieht aus wie ibrahimovic, der fussballspieler.<\/p>\n\n\n\n<p>packe mein zelt und meinen rucksack zusammen und laufe los. fast niemand auf dem weg und es ist angenehm frisch! sp\u00e4ter laufe ich an einer kleinen kappelle vorbei. hier gibt es ein tor, welches die h\u00e4lfte des weges markiert von roncesvalles nach santiago. erst die h\u00e4lfte! es sind 31 offizielle etappen bis nach santiago von saint jean \u2014 ohne pausentage. mit 3-4 pausentage bis santiago bin ich bei 35 tagen. also trifft mit 19 tagen die h\u00e4lfte in etwa zu? die rechnung geht nicht ganz auf, aber wird wohl schon stimmen in reinen kilometern (luftdistanz? oder tats\u00e4chliche wegkilometer? inkl. h\u00f6henmeter? zu viele fragen)<\/p>\n\n\n\n<p>kurz vor sahag\u00fan wird es dann wieder heiss. knapp 11 uhr morgens erst. ich laufe in die vorstadt und das st\u00e4dtchen ist auch in der innenstadt etwas weniger romantisch als ich mir vorgestellt habe. bisheriges fazit: carrion de los condes und castrojeriz liegen hoch im kurs!! mitten in der meseta diese oasen. und diese plazas! ein vergn\u00fcgen f\u00fcr die sinne. weiter auf dem camino durch das st\u00e4dtchen sahag\u00fan taucht pl\u00f6tzlich eine konfiserie auf. reges treiben hier und viele pilgernde. der belgier aus dem basecamp in hontanas! und die deutsche begleiterin von mortin, der blonde typ mit den rastas. ich hole mir etwas zu fr\u00fchst\u00fccken und setze mich zur gruppe. mortin sei schon ein paar d\u00f6rfer weiter. der blonde typ heisst tats\u00e4chlich mortin. martin und mortin. neben mir: ein grosser braungebrannter backpacker, \u00fcbers\u00e4t mit tattoos, leichtem sonnenbrand und wildem bartwuchs. von ihm hatte der belgier erz\u00e4hlt, er w\u00e4re auch schweizer. spreche ihn also auf schweizerdeutsch und siehe da! der zweite schweizer innert zwei tagen. gestern in moratinos bei der italienerherberge den ersten schweizer angetroffen aus altdorf. heute also den zweiten. vorher keine schweizer. von schweizerINNEN bisher keine spur. der schweizer ist aber auf dem aussteiger trip und lebt als langstreckenwanderer, wie er sagt. arbeitet 4 monate in der schweiz als securitas. die restlichen 8 monate sei er unterwegs am wandern. die 20k CHF w\u00fcrden ihm reichen, um AHV und pensionskasse einzuzahlen und gleichzeitig das restliche jahr davon leben zu k\u00f6nnen. sein rucksack wiegt 4kg. er erz\u00e4hlt mir in grossen t\u00f6nen wie er \u00fcberall gewicht einspart und was er alles nicht braucht. denke zur\u00fcck an den sportlichen holl\u00e4nder. f\u00fcr den schweizer ist es aber alles, was er zurzeit besitzt. es ist sein zu hause, am r\u00fccken und den schultern tragend quasi. ich bin beeindruckt. hab aber zu gerne meine eigenen vier w\u00e4nden dass ich sowas \u00fcberhaupt in erw\u00e4gung ziehen k\u00f6nnte. romantisch klingt es aber allemal. kanada und der pacific coast trail (PCT) seien seine n\u00e4chsten fernwege. das krasseste: er ist von holland losgelaufen. 3000 kilometer. ist im mai gestartet. ende august hat er dann den belgier aufgegabelt auf dem camino zwischen le puy und saint jean. seither sind sie gemeinsam unterwegs. vier monate ist er also schon unterwegs. aber es w\u00fcrde keine rolle spielen. der weg ist das ziel f\u00fcr ihn und das quasi jeden tag.<\/p>\n\n\n\n<p>beschliesse heute in der kirchlichen herberge zu bleiben. sie w\u00e4re zentral gelegen und ich bleibe morgen nochmals einen tag in sahagun. die hermanos w\u00e4ren mir einen tag voraus. aber es w\u00e4re zurzeit die richtige entscheidung, ich muss wieder aus der komfortzone raus und alleine im ozean des pilgermeeres schwimmen gehen. m\u00f6chte mich etwas freier bewegen und vor allem andere bekanntschaften schliessen k\u00f6nnen. vielleicht w\u00fcrde ich sie noch einholen die kommenden tage. francesco hat aber zeitdruck und wird es durchziehen ohne pausentage um am 2. september in santiago zu sein. mir w\u00e4re es nicht so wichtig, die zweite h\u00e4lfte konsequent gemeinsam zu gehen. wir w\u00fcrden uns wiedersehen. und ich h\u00e4tte die gelegenheit, die letzten tage in der ruhigen meseta aufzusaugen, bevor in leon eine neue horde an pilgernde dazustossen wird. w\u00fcrde ich an den camino primitivo wechseln wie das deutsche p\u00e4rchen? mal schauen. es w\u00e4re nicht verkehrt. k\u00f6nnte den frances ab leon irgendwann zwischen oktober und m\u00e4rz machen wenn er weniger frequentiert w\u00e4re. noch weiss ich ja nicht wie die lage aussieht. erst mal setzen lassen. eingeplant hatte ich 5-7 pausentage bis nach santiago. w\u00e4re ich fr\u00fcher dort, h\u00e4tte ich mehr zeit in portugal und barcelona. morgen w\u00e4re gut um das bisherige mal zu verarbeiten. w\u00fcrde dann sp\u00e4ter nachmittags aufbrechen ins n\u00e4chste dorf. dort abendessen. und in der n\u00e4he zelten. vielleicht sogar bei einer herberge.<\/p>\n\n\n\n<p>in der kirchlichen herberge werde ich warm empfangen. drei m\u00e4nner, ich weiss nicht ob sie priester sind (oder welche rolle sie in der kirche haben), aber der eine zeigt mir das viererzimmer. ich teile es mit einem franzosen mit weihnachtsbart, um die 60, namens alain. im ersten stock \u00fcber uns schlafen die nonnen, wir sind also verpflichtet sehr leise zu sein abends.<\/p>\n\n\n\n<p>mache mir einen salat aus gekochten bohnen und mais wie schon in carrion und setze mich in den innenhof. campen darf ich hier nicht, meinte einer der m\u00e4nner. die katholische kirche auf dem camino erlebte ich bisher als sehr herzlich und warm, aber auch als sehr pedantisch. breche zu gerne die regeln als dass ich in so einem system meinen alltag verbringen k\u00f6nnte.<\/p>\n\n\n\n<p>eine junge franzosin mit rock sitzt im innenhof, tr\u00e4gt ein kreuz um den hals und ist mit dem fahrrad unterwegs. sie spricht mit mir nur auf franz\u00f6sisch. sp\u00e4ter setzt sich alain, mein zimmernachbar, zu mir und wir quatschen im innenhof. legend\u00e4r wie auch er wiedermal nur auf franz\u00f6sisch auf mich einlabert, obwohl ich kaum was verstehe. anglais? NON. hier auf dem camino ist es mit den franzos*innen wie damals in bordeaux und in korsika, als niemand mit uns auf englisch reden wollte. kenne kein volk das so verbissen und gewissermassen arrogant auf ihre eigene sprache beharrt.<\/p>\n\n\n\n<p>schaue mir das d\u00f6rfchen an. sonntagnachmittag in sahag\u00fan. setze mich nochmals in das cafe vom vormittag. und wer kommt denn da angelaufen. fat tony! tony ist eigentlich super schlank und gross und topfit, aber fat tony klingt schnittiger als der gute alte tony (was mir zu w\u00f6rtlich genommen scheint) und kommt mir immer in den sinn wenn ich ihn sehe. ich glaube es gibt ein restaurant in z\u00fcrich dass far tony heisst? bleiben nur kurz zusammen sitzen, gehe danach in die erste pilgermesse auf meinem weg! bekomme den ersten pilgersegen f\u00fcr diese gef\u00e4hrliche und abenteuerliche reise, denn wer weiss was mich auf dieser zweiten h\u00e4lfte des weges noch alles erwartet. banditen und r\u00e4uber und hinterlistige herbergen die nur darauf waren mich schweizer auszunehmen. die junge fromme franzosin sitzt in der ersten reihe und ist emotional sichtlich mitgenommen von der messe. eine christliche messe ist doch wie ein frage-antwort-spiel. der pfarrer stellt die fragen und man muss mit dem richtigen satz rausr\u00fccken. ich kann mir diese nie merken und schon gar nicht auf spanisch wiedergeben und so stehe ich eingeklemmt zwischen zwei \u00e4lteren spanierinnen aus dem dorf still da w\u00e4hrend meine bankbachbarinnen ihre s\u00e4tzchen aufsagen. der pfarrer hat einen v\u00f6llig \u00fcbertriebenen amerikanischen akzent w\u00e4hrend er die messe auf spanisch h\u00e4lt und ich verstehe nur wenige w\u00f6rter aus seinem mund.<\/p>\n\n\n\n<p>will mir was zu essen holen und suche mir ein restaurant aus welches das fussballspiel von heute abend zwischen real madrid und atletico NICHT \u00fcbertr\u00e4gt, da w\u00e4re das essen vielleicht besser. und siehe da, es gibt tats\u00e4chlich eines ohne TV und die haben sogar weisse tischt\u00fccher! will nach einem freien tisch fragen, als vor mir drei pilgende in sportkleider auftauchen und mich zum essen einladen! ein p\u00e4rchen aus rhode island (sie kennen bob aus rhode island nicht) und ein brasilianer aus sao paulo. ein netter abend und nicht ganz so langweilig wie mit dem p\u00e4rchen aus nevada, aber auch dieses amerikanische p\u00e4rchen will mit mir wieder nur \u00fcber berge und skifahren reden.<\/p>\n\n\n\n<p>schau mir dann kurz denn fussballmatch an zwischen den beiden madrider rivalen auf der plaza mayor zusammen mit ein paar spanischen v\u00e4tern.<\/p>\n\n\n\n<p>muss dann aber vor 22 uhr zur\u00fcck sein in der kirchlichen herberge, welche eigentlich ein nonnenkloster ist \u2014 ziemlich unscheinbar eingebunden hier in sahagun. im zimmer dann die n\u00e4chste \u00fcberraschung: ein dicker spanier hat sich das obere bett in meinem etagenbett geschnappt und dr\u00fcckt sich gerade eine handvoll gummib\u00e4rchen in den mund als ich hereinkomme. hola buenas. wieso wieder mein bett. der typ packt gerade sein zeugs aus und geht duschen als ich in den schlafsack schl\u00fcpfe. alain der franzose schl\u00e4ft neben uns schon tief und gibt leichte schnarchger\u00e4usche vor sich. denke an mein zelt, aber es wurde mir ja verboten im innenhof des klosters zu campieren. als der spanier zur\u00fcck von der dusche kommt und das bett besteigt habe ich ohne witz das gef\u00fchl das ganze ding krache gerade zusammen. jede seiner bewegungen l\u00e4sst das etagenbett wackeln so dass ich m\u00fche habe einzuschlafen. bin heute aber auch nur zwei stunden gelaufen!<\/p>\n","protected":false},"excerpt":{"rendered":"<p>w\u00e4re nicht viel auf dem programm heute. nach sahag\u00fan, die n\u00e4chste kleinere stadt vor leon, w\u00e4ren es etwas mehr als zwei stunden. ich hatte gestern den hermanos vorgeschlagen, dass wir um 8 uhr losk\u00f6nnten und um 10 uhr in sahag\u00fan fr\u00fchst\u00fccken k\u00f6nnten. die biologische uhr hatte hier wohl aber den gr\u00f6sseren hebel und so kam [&hellip;]<\/p>\n","protected":false},"author":1,"featured_media":0,"comment_status":"open","ping_status":"open","sticky":false,"template":"","format":"standard","meta":{"_jetpack_memberships_contains_paid_content":false,"footnotes":""},"categories":[1],"tags":[],"class_list":["post-136","post","type-post","status-publish","format-standard","hentry","category-uncategorized"],"jetpack_featured_media_url":"","jetpack_sharing_enabled":true,"_links":{"self":[{"href":"https:\/\/mnbucher.com\/blog\/2022-camino-de-santiago\/wp-json\/wp\/v2\/posts\/136","targetHints":{"allow":["GET"]}}],"collection":[{"href":"https:\/\/mnbucher.com\/blog\/2022-camino-de-santiago\/wp-json\/wp\/v2\/posts"}],"about":[{"href":"https:\/\/mnbucher.com\/blog\/2022-camino-de-santiago\/wp-json\/wp\/v2\/types\/post"}],"author":[{"embeddable":true,"href":"https:\/\/mnbucher.com\/blog\/2022-camino-de-santiago\/wp-json\/wp\/v2\/users\/1"}],"replies":[{"embeddable":true,"href":"https:\/\/mnbucher.com\/blog\/2022-camino-de-santiago\/wp-json\/wp\/v2\/comments?post=136"}],"version-history":[{"count":2,"href":"https:\/\/mnbucher.com\/blog\/2022-camino-de-santiago\/wp-json\/wp\/v2\/posts\/136\/revisions"}],"predecessor-version":[{"id":138,"href":"https:\/\/mnbucher.com\/blog\/2022-camino-de-santiago\/wp-json\/wp\/v2\/posts\/136\/revisions\/138"}],"wp:attachment":[{"href":"https:\/\/mnbucher.com\/blog\/2022-camino-de-santiago\/wp-json\/wp\/v2\/media?parent=136"}],"wp:term":[{"taxonomy":"category","embeddable":true,"href":"https:\/\/mnbucher.com\/blog\/2022-camino-de-santiago\/wp-json\/wp\/v2\/categories?post=136"},{"taxonomy":"post_tag","embeddable":true,"href":"https:\/\/mnbucher.com\/blog\/2022-camino-de-santiago\/wp-json\/wp\/v2\/tags?post=136"}],"curies":[{"name":"wp","href":"https:\/\/api.w.org\/{rel}","templated":true}]}}