{"id":106,"date":"2022-09-13T14:01:00","date_gmt":"2022-09-13T14:01:00","guid":{"rendered":"https:\/\/mnbucher.com\/blog\/2022-camino-de-santiago\/?p=106"},"modified":"2022-09-14T14:01:40","modified_gmt":"2022-09-14T14:01:40","slug":"tag-15-burgos","status":"publish","type":"post","link":"https:\/\/mnbucher.com\/blog\/2022-camino-de-santiago\/2022\/09\/13\/tag-15-burgos\/","title":{"rendered":"Tag 15: Burgos"},"content":{"rendered":"\n<figure class=\"wp-block-image size-large\"><img loading=\"lazy\" decoding=\"async\" width=\"768\" height=\"1024\" src=\"https:\/\/mnbucher.com\/blog\/2022-camino-de-santiago\/wp-content\/uploads\/2022\/09\/img_4834-768x1024.jpg\" class=\"wp-image-103\" srcset=\"https:\/\/mnbucher.com\/blog\/2022-camino-de-santiago\/wp-content\/uploads\/2022\/09\/img_4834-768x1024.jpg 768w, https:\/\/mnbucher.com\/blog\/2022-camino-de-santiago\/wp-content\/uploads\/2022\/09\/img_4834-225x300.jpg 225w, https:\/\/mnbucher.com\/blog\/2022-camino-de-santiago\/wp-content\/uploads\/2022\/09\/img_4834-1152x1536.jpg 1152w, https:\/\/mnbucher.com\/blog\/2022-camino-de-santiago\/wp-content\/uploads\/2022\/09\/img_4834-1536x2048.jpg 1536w, https:\/\/mnbucher.com\/blog\/2022-camino-de-santiago\/wp-content\/uploads\/2022\/09\/img_4834-scaled.jpg 1920w\" sizes=\"auto, (max-width: 768px) 100vw, 768px\" \/><\/figure>\n\n\n\n<p>der wind tobte so fest die nacht, dass ich zeitweise aus dem schlaf gerissen wurde und meinte, mein aussenzelt w\u00fcrde demn\u00e4chst fortgewindet. ein orkan! ich schaue mir das wetter an die n\u00e4chsten tage und es scheint doch endlich k\u00fchler zu werden mit rund 23-25 grad. bei 32 grad durch die meseta w\u00e4re dann doch sehr fest fordernd gewesen ohne schatten! vielleicht ist das wetter hier aber sehr lokal und nur f\u00fcr burgos, schaue sp\u00e4ter mal noch das wetter an f\u00fcr die ortschaften in der meseta.<\/p>\n\n\n\n<p>g\u00f6nne mir zum ersten mal morgens eine dusche, f\u00fchle mich aber nicht viel frischer danach. packe mein zelt zusammen und sitze auf die terasse des cafes am ausgang des campings. die herberge macht erst um 12 auf und so w\u00e4re ich noch viel zu fr\u00fch da. kann mir jetzt gen\u00fcsslich zeit lassen, bis in die altstadt ist es etwa eine stunde zu fuss. neben mir ein paar arbeiter mit cafe cortado und zigarette. der eine tr\u00e4gt eine gr\u00fcngelb-gespiegelte sonnenbrille und ein ohrring am linken \u00f6rchchen. hab keine chance ihr rauchiges und verschlucktes spanisch zu verstehen. das spanische equivalent des truck drivers dieser mann neben mir. wenn marisa und paco schnell reden verstehe ich das auch kaum, aber geht es noch etwas besser.<\/p>\n\n\n\n<p>laufe eine knappe stunde durch den stadtpark von burgos. das ding ist riesig und erinnert mich an den stadtpark von madrid. \u00fcber die br\u00fccke gehts nun in die stadt burgos! suche elends lang die st\u00e4dtische herberge und finde sie nur unweit von der m\u00e4chtigen kathedrale von burgos. ein geb\u00e4ude von majest\u00e4tischer gr\u00f6sse. 300 jahre bauzeit. gotik in der perfektion. wow. die schlange vor der herberge ist noch klein und so drehe ich eine kleine runde in der grossen altstadt. nehme ein fr\u00fchst\u00fcck zu mir auf der terrasse eines cafes. laufe zur\u00fcck zur herberge und stelle mich in die schlange. keine bekannten gesichter. kein einziges. es ist wie eine neue schulklasse. oder besser gesagt eine neues schulhaus. neue ank\u00f6mmlinge gr\u00fcssen diejenigen in der schlange, man kennt sich. die situation kenne ich zu gut, auch in pamplona. da kannte ich viele gesichter. hier niemanden. ich warte in der schlange. dann, ein blonder typ mit rastas, den ich in estella schon antraf! wir reden ein paar s\u00e4tze. die schlange geht nur schleppend vorw\u00e4rts. irgendwann geht es rein. habe nat\u00fcrlich nur noch 5 euro bargeld dabei und kartenzahlung geht nicht. zahle also sp\u00e4ter, der typ der herberge vertraut mir. nach dem bezug des bettes: time for shopping. ich laufe durch die innenstadt in das n\u00e4chste outdoorgesch\u00e4ft. spanisch lektion, kapitel 37: einkaufen in burgos. versuche also alles auf spanisch. und es klappt bestens. ein b\u00e4rtiger spanier ber\u00e4t mich hervorragend und anscheinend bin ich nicht der einzige mit der gleichen idee, ein p\u00e4rchen aus kanada braucht auch andere schuhe. stolz mit einem neuen paar trail-schuhen laufe ich zur\u00fcck zur kathedrale und zur plaza. von weitem sehe ich paco und marisa und einen teil der gruppe. und einen neuen, deutlich \u00fcbergewichtigen typen aus florida. wir gehe in ein restaurant gleich nebenan zu mittag essen und ich schlage eine neue strategie ein. vor mir eine men\u00fckarte einzig und allein mit fleischmen\u00fcs. statt ei und kartoffeln zu bestellen entscheide ich mich spontanes willens zum entrecote! ein solches st\u00fcck fleisch hatte ich wohl seit jahren nicht mehr. marisa und ich sitzen uns gegen\u00fcber und haben ein tolles gespr\u00e4ch auf spanisch. donovan zeigt mir wieder fotos seines gartens. haha. der typ ist zu gut. er muss sich eine prepaid simkarte besorgen in der stadt und dreht im restaurant fast durch. zum gl\u00fcck hat er paco dabei. der kellner ist ein witzbold und versteht sich mit pacos humor bestens.<\/p>\n\n\n\n<p>wir schlendern vorbei an der immensen kathedrale, ich gehe zur\u00fcck zur herberge und hole mir die fetten stiefel. auf dem weg zur poststelle tut sich ein m\u00e4chtiges gewitter auf und die temperatur sinkt gef\u00fchlt nochmals deutlich. kaltes burgos! der stadt burgos sagt man auch \u201ela fr\u00eda\u201c (die kalte). allemal recht haben sie. gebe meine stiefel auf die post zur\u00fcck in die schweiz. und ziehe die neuen schuhe gleich an um sie etwas einzulaufen heute.<\/p>\n\n\n\n<p>setze mich an eine nebenplaza. burgos hat etwa vier oder f\u00fcnf grosse plazas. cafe americano. versuche mich in meinem buch aber kann mich schlecht konzentrieren. zu viel los hier! pl\u00f6tzlich bleibt eine blonde frau vor mir stehen: \u201ena denn kenn ich doch!\u201c quietscht raus, \u201esiehst aus wie ein rockstar mit der brille!\u201c meint sie in guter lautst\u00e4rke und wir lachen beide laut raus. die kurlige frau aus dem cafe mit alessia kurz vor logro\u00f1o! wie hats die denn hierher geschafft. niemals ist die gelaufen. wir quatschen. sie habe heute mit dem bus 60km zur\u00fcckgelegt. 3 tage fussmarsch \u00fcbersprungen. eine amerikanerin aus georgia kommt dazu. scheint ebenfalls eine quasseltante zu sein und die beiden berichten von ihrer beschwerlichen reise mit dem bus heute. ich packe mein zeugs zusammen und nehme die einladung auf ein gemeinsames abendessen an! die amerikanerin hat ein bestimmtes lokal im sinn und lotst uns einige hundert meter weiter. wir bestellen und essen und habe eine gute runde! die beiden sind echt witzig. haben eine honigfarm besucht. eine honigfarm. sie machen nicht mehr als 7-10km pro tag zu fuss, mehr sei zu viel! die deutsche hat jetzt aber keine zeit mehr \u00fcbrig und muss morgen nach hause. hab sie jetzt nicht gefragt ob das so geplant war oder ob sie einen monat lang versucht hat nach westen zu wandern. lustig aber allemal. die amerikanerin, edna heisst die dame, schnappt sich ein hochprozentiges CBD \u00f6l und bleibt noch bis ende september on track, sie w\u00fcrde ich also vielleicht nochmals wiedersehen? sie meinte ich w\u00e4re musiker. hunderprozent ein musiker!<\/p>\n\n\n\n<figure class=\"wp-block-image size-large\"><img loading=\"lazy\" decoding=\"async\" width=\"1024\" height=\"768\" src=\"https:\/\/mnbucher.com\/blog\/2022-camino-de-santiago\/wp-content\/uploads\/2022\/09\/img_4848-1-1024x768.jpg\" class=\"wp-image-104\" srcset=\"https:\/\/mnbucher.com\/blog\/2022-camino-de-santiago\/wp-content\/uploads\/2022\/09\/img_4848-1-1024x768.jpg 1024w, https:\/\/mnbucher.com\/blog\/2022-camino-de-santiago\/wp-content\/uploads\/2022\/09\/img_4848-1-300x225.jpg 300w, https:\/\/mnbucher.com\/blog\/2022-camino-de-santiago\/wp-content\/uploads\/2022\/09\/img_4848-1-768x576.jpg 768w, https:\/\/mnbucher.com\/blog\/2022-camino-de-santiago\/wp-content\/uploads\/2022\/09\/img_4848-1-1536x1152.jpg 1536w, https:\/\/mnbucher.com\/blog\/2022-camino-de-santiago\/wp-content\/uploads\/2022\/09\/img_4848-1-2048x1536.jpg 2048w\" sizes=\"auto, (max-width: 1024px) 100vw, 1024px\" \/><\/figure>\n\n\n\n<p>also gut. wollte eigentlich zur\u00fcck zur herberge fr\u00fch schlafen gehen. bevor das orchester anf\u00e4ngt. ich schaue auf mein handy und sehe, dass die hermanos und marisa nur unweit weg waren vor ein paar stunden. vielleicht sind sie noch dort! es w\u00e4re marisas letzter abend. w\u00fcrde mich gerne verabschieden, borja habe ich leider verpasst, er ist heute zur\u00fcck nach madrid und weiter nach los angeles. und in der tat sitzt die gruppe freudig und munter am tisch! donovan schenkt mir ein glas wein ein und ich bleibe kurz mit ihnen sitzen. paco hat zwei junge spanierinen eingeladen, die angeblich wegen mir in die bar kommen. zumindest erz\u00e4hlt paco das so. wieder so heiratswillige! paco weiss doch bescheid dass ich damit nichts anfangen kann aber wom\u00f6glich nimmt er mich auf die schippe! trinke also meinen wein relativ schnell fertig und weiss nicht ob das wahr ist oder nicht und ergreife die flucht! zur\u00fcck auf dem weg laufe ich nochmals an der pr\u00e4chtigen kathedrale vorbei. es ist nicht in worte zu fasen welch sch\u00f6nheit hier vor mir steht.<\/p>\n\n\n\n<figure class=\"wp-block-image size-large\"><img loading=\"lazy\" decoding=\"async\" width=\"768\" height=\"1024\" src=\"https:\/\/mnbucher.com\/blog\/2022-camino-de-santiago\/wp-content\/uploads\/2022\/09\/8838f197-c8a2-4079-a0b9-4d5fa250ea5b-768x1024.jpg\" class=\"wp-image-105\" srcset=\"https:\/\/mnbucher.com\/blog\/2022-camino-de-santiago\/wp-content\/uploads\/2022\/09\/8838f197-c8a2-4079-a0b9-4d5fa250ea5b-768x1024.jpg 768w, https:\/\/mnbucher.com\/blog\/2022-camino-de-santiago\/wp-content\/uploads\/2022\/09\/8838f197-c8a2-4079-a0b9-4d5fa250ea5b-225x300.jpg 225w, https:\/\/mnbucher.com\/blog\/2022-camino-de-santiago\/wp-content\/uploads\/2022\/09\/8838f197-c8a2-4079-a0b9-4d5fa250ea5b-1152x1536.jpg 1152w, https:\/\/mnbucher.com\/blog\/2022-camino-de-santiago\/wp-content\/uploads\/2022\/09\/8838f197-c8a2-4079-a0b9-4d5fa250ea5b.jpg 1200w\" sizes=\"auto, (max-width: 768px) 100vw, 768px\" \/><figcaption class=\"wp-element-caption\">wir imitieren die kids welche ein foto mit borja machen wollen. das foto ist f\u00fcr borja. alle kids immer mit daumen nach oben! kurz danach mache ich mich vor den heiratswilligen (?) vom acker!<\/figcaption><\/figure>\n","protected":false},"excerpt":{"rendered":"<p>der wind tobte so fest die nacht, dass ich zeitweise aus dem schlaf gerissen wurde und meinte, mein aussenzelt w\u00fcrde demn\u00e4chst fortgewindet. ein orkan! ich schaue mir das wetter an die n\u00e4chsten tage und es scheint doch endlich k\u00fchler zu werden mit rund 23-25 grad. bei 32 grad durch die meseta w\u00e4re dann doch sehr [&hellip;]<\/p>\n","protected":false},"author":1,"featured_media":0,"comment_status":"open","ping_status":"open","sticky":false,"template":"","format":"standard","meta":{"_jetpack_memberships_contains_paid_content":false,"footnotes":""},"categories":[1],"tags":[],"class_list":["post-106","post","type-post","status-publish","format-standard","hentry","category-uncategorized"],"jetpack_featured_media_url":"","jetpack_sharing_enabled":true,"_links":{"self":[{"href":"https:\/\/mnbucher.com\/blog\/2022-camino-de-santiago\/wp-json\/wp\/v2\/posts\/106","targetHints":{"allow":["GET"]}}],"collection":[{"href":"https:\/\/mnbucher.com\/blog\/2022-camino-de-santiago\/wp-json\/wp\/v2\/posts"}],"about":[{"href":"https:\/\/mnbucher.com\/blog\/2022-camino-de-santiago\/wp-json\/wp\/v2\/types\/post"}],"author":[{"embeddable":true,"href":"https:\/\/mnbucher.com\/blog\/2022-camino-de-santiago\/wp-json\/wp\/v2\/users\/1"}],"replies":[{"embeddable":true,"href":"https:\/\/mnbucher.com\/blog\/2022-camino-de-santiago\/wp-json\/wp\/v2\/comments?post=106"}],"version-history":[{"count":1,"href":"https:\/\/mnbucher.com\/blog\/2022-camino-de-santiago\/wp-json\/wp\/v2\/posts\/106\/revisions"}],"predecessor-version":[{"id":107,"href":"https:\/\/mnbucher.com\/blog\/2022-camino-de-santiago\/wp-json\/wp\/v2\/posts\/106\/revisions\/107"}],"wp:attachment":[{"href":"https:\/\/mnbucher.com\/blog\/2022-camino-de-santiago\/wp-json\/wp\/v2\/media?parent=106"}],"wp:term":[{"taxonomy":"category","embeddable":true,"href":"https:\/\/mnbucher.com\/blog\/2022-camino-de-santiago\/wp-json\/wp\/v2\/categories?post=106"},{"taxonomy":"post_tag","embeddable":true,"href":"https:\/\/mnbucher.com\/blog\/2022-camino-de-santiago\/wp-json\/wp\/v2\/tags?post=106"}],"curies":[{"name":"wp","href":"https:\/\/api.w.org\/{rel}","templated":true}]}}